{"id":93972,"date":"2022-10-01T21:52:03","date_gmt":"2022-10-02T00:52:03","guid":{"rendered":"https:\/\/primicias2262.com\/?p=93972"},"modified":"2022-10-01T21:52:03","modified_gmt":"2022-10-02T00:52:03","slug":"en-el-cumpleanos-de-santamarina-rojas-adelanto-la-obra-de-cordon-cuneta-para-2023","status":"publish","type":"post","link":"https:\/\/primicias2262.com\/noticias\/en-el-cumpleanos-de-santamarina-rojas-adelanto-la-obra-de-cordon-cuneta-para-2023\/","title":{"rendered":"En el cumplea\u00f1os de Santamarina, Rojas adelant\u00f3 la obra de cord\u00f3n cuneta para 2023"},"content":{"rendered":"<p><strong>En este s\u00e1bado respaldado por su majestad el sol, el intendente Arturo Rojas, encabez\u00f3 los festejos en la localidad, donde brind\u00f3 su discurso y cort\u00f3 la primera porci\u00f3n de torta junto al delegado Hugo Haag. Hubo desfile, asados populares y ferias de emprendedores, mientras que a\u00fan siguen los shows musicales.<\/strong><\/p>\n<p>Si bien la fecha es este domingo, Ram\u00f3n Santamarina vivi\u00f3 su d\u00eda de fiesta al celebrar esta tarde a modo de adelanto su cumplea\u00f1os N\u00ba 112, donde hubo corte de torta y desfile tradicionalista por las calles del pueblo, sumado al acto protocolar encabezado por el intendente Arturo Rojas y el delegado Hugo Haag, entre otros funcionarios y concejales que acompa\u00f1aron la celebraci\u00f3n durante la soleada tarde sabatina, adem\u00e1s de los vecinos del lugar que acompa\u00f1aron con aplausos cada acci\u00f3n que lo ameritaba.<\/p>\n<p>El jefe comunal, quien tambi\u00e9n aprovech\u00f3 su llegada a la localidad para dialogar con vecinos, se\u00f1al\u00f3 en su discurso que \u201cme siento muy orgulloso del equipo que hemos formado, y en ese sentido reci\u00e9n lo escuchaba a Hugo con la humildad que lo caracteriza, quien con su trabajo y esfuerzo diario siempre lleva a cada Secretar\u00eda los reclamos y las cosas que tenemos que ir haciendo en esta querida localidad\u201d.<\/p>\n<p>\u201cLa premisa es hacer un trabajo en conjunto con cada una de las instituciones, que sea coordinado y mancomunado tambi\u00e9n entre todas las delegaciones porque de esa forma saldremos adelante\u201d agreg\u00f3 la m\u00e1xima autoridad, quien luego del acto formal cort\u00f3 la primera porci\u00f3n de torta antes los ni\u00f1os y ni\u00f1as que t\u00edmidamente se iban acercando respetando su turno.<\/p>\n<p>Luego, Rojas afirm\u00f3 que \u201cno hace falta que les recuerde que han pasado momentos dif\u00edciles, pero sin embargo creo que ha llegado el momento de un mayor crecimiento y desarrollo de nuestra ciudad, y a pesar de la pandemia no hemos parado en ir haciendo mejoras en los espacios p\u00fablicos por ejemplo\u201d para subrayar que \u201cen estos momentos estamos elaborando el presupuesto del a\u00f1o pr\u00f3ximo donde cada uno de los delegados ha tenido la posibilidad de consultar a las instituciones y vecinos qu\u00e9 obras les hacen falta\u201d.<\/p>\n<p>En este \u00faltimo concepto, resalt\u00f3 el Intendente que \u201ctenemos prevista m\u00e1s iluminaci\u00f3n, mejorado de calles, del servicio de agua potable, y empezaremos el a\u00f1o que viene con la obra de cord\u00f3n cuneta en las calles principales, lo que ven\u00eda siendo postergado por gobiernos anteriores y que es algo que vamos a realizar en todas las localidades\u201d.<\/p>\n<p>Y cerr\u00f3: \u201cMas all\u00e1 de lo que puedan pensar en t\u00e9rminos ideol\u00f3gicos cada uno de los vecinos, sino nos juntamos como comunidad, sino nos defendemos, no iremos por buen camino, y nosotros tenemos que tener la capacidad de exigir y de gestionar ante naci\u00f3n y provincia sea cual fuera el color pol\u00edtico que all\u00ed gobierne, pero antes tenemos que ponernos de acuerdo sobre cu\u00e1les son las cuatro o cinco obras que hacen falta en cada localidad que le cambien la vida a la gente.<\/p>\n<div class=\"wp-block-media-text is-stacked-on-mobile\">\n<div class=\"wp-block-media-text__content\">\n<p>Por su parte, Haag enumer\u00f3 ente los presentes, y a modo de balance de lo hecho hasta el momento que \u201ccon un a\u00f1o y medio de pandemia igual hicimos un galp\u00f3n para guardar las herramientas, terminamos gracias a Arturo el puente que lleva la producci\u00f3n a Puerto Quequ\u00e9n y tenemos el material comprado para instalar una red de agua corriente de unos 1300 metros, en definitiva cosas que antes no hab\u00eda, y hay m\u00e1s para lo que viene de cara al 2023\u201d.<\/p>\n<p>En cuanto a la organizaci\u00f3n de los festejos, el funcionario puso de relieve por \u00faltimo que \u201cle quiero agradecer a la asociaci\u00f3n civil y a los vecinos en general que nos dieron una mano, as\u00ed que espero y deseo que todos disfruten de la fiesta, teniendo en cuenta que, si a Necochea le va bien, a nosotros los del interior nos va a ir a\u00fan mejor\u201d.<\/p>\n<p>Quien tambi\u00e9n brind\u00f3 sus impresiones en el marco de la celebraci\u00f3n fue el director de Cultura, Juan Gamba, quien hizo especial hincapi\u00e9 en el grupo que se ha conformado, y en ese contexto agradeci\u00f3 \u201ca Arturo que nos da la libertad de trabajar tambi\u00e9n en el interior cada vez que nos convoca Hugo o alguna otra delegaci\u00f3n\u201d.<\/p>\n<\/div>\n<\/div>\n<p>El acto y el desfile, vale decir, contaron con el colorido de las banderas de todas las entidades que respaldaron la jornada. Ahora mismo, en tanto, se est\u00e1n desarrollando los n\u00fameros musicales, mientras que hubo puestos con asados y feria de emprendedores.<\/p>\n","protected":false},"excerpt":{"rendered":"<p>En este s\u00e1bado respaldado por su majestad el sol, el intendente Arturo Rojas, encabez\u00f3 los festejos en la localidad, donde brind\u00f3 su discurso y cort\u00f3 la primera porci\u00f3n de torta junto al delegado Hugo Haag. Hubo desfile, asados populares y ferias de emprendedores, mientras que a\u00fan siguen los shows musicales. Si bien la fecha es [&hellip;]<\/p>\n","protected":false},"author":3,"featured_media":93973,"comment_status":"closed","ping_status":"closed","sticky":false,"template":"","format":"standard","meta":{"footnotes":""},"categories":[3],"tags":[],"class_list":["post-93972","post","type-post","status-publish","format-standard","has-post-thumbnail","category-masnoticias"],"_links":{"self":[{"href":"https:\/\/primicias2262.com\/noticias\/wp-json\/wp\/v2\/posts\/93972","targetHints":{"allow":["GET"]}}],"collection":[{"href":"https:\/\/primicias2262.com\/noticias\/wp-json\/wp\/v2\/posts"}],"about":[{"href":"https:\/\/primicias2262.com\/noticias\/wp-json\/wp\/v2\/types\/post"}],"author":[{"embeddable":true,"href":"https:\/\/primicias2262.com\/noticias\/wp-json\/wp\/v2\/users\/3"}],"replies":[{"embeddable":true,"href":"https:\/\/primicias2262.com\/noticias\/wp-json\/wp\/v2\/comments?post=93972"}],"version-history":[{"count":0,"href":"https:\/\/primicias2262.com\/noticias\/wp-json\/wp\/v2\/posts\/93972\/revisions"}],"wp:attachment":[{"href":"https:\/\/primicias2262.com\/noticias\/wp-json\/wp\/v2\/media?parent=93972"}],"wp:term":[{"taxonomy":"category","embeddable":true,"href":"https:\/\/primicias2262.com\/noticias\/wp-json\/wp\/v2\/categories?post=93972"},{"taxonomy":"post_tag","embeddable":true,"href":"https:\/\/primicias2262.com\/noticias\/wp-json\/wp\/v2\/tags?post=93972"}],"curies":[{"name":"wp","href":"https:\/\/api.w.org\/{rel}","templated":true}]}}