{"id":93975,"date":"2022-10-01T21:56:37","date_gmt":"2022-10-02T00:56:37","guid":{"rendered":"https:\/\/primicias2262.com\/?p=93975"},"modified":"2022-10-01T21:56:37","modified_gmt":"2022-10-02T00:56:37","slug":"futbol-femenino-la-seleccion-de-necochea-competira-en-las-finales-de-un-torneo-provincial","status":"publish","type":"post","link":"https:\/\/primicias2262.com\/noticias\/futbol-femenino-la-seleccion-de-necochea-competira-en-las-finales-de-un-torneo-provincial\/","title":{"rendered":"F\u00fatbol Femenino: la selecci\u00f3n de Necochea competir\u00e1 en las finales de un torneo provincial"},"content":{"rendered":"<p><strong>Se trata de la \u201cCopa Igualdad\u201d, que organiza el Ministerio de las Mujeres bonaerense y en el que participaron 51 equipos. Las locales se medir\u00e1n en el Estadio Mundialista de Mar del Plata con Olavarr\u00eda, en la ma\u00f1ana del domingo y buscando quedarse con el tercer puesto, luego de coronarse en la instancia regional. El partido se transmitir\u00e1 en vivo.<\/strong><\/p>\n<div class=\"wp-block-media-text is-stacked-on-mobile is-vertically-aligned-top\">\n<div class=\"wp-block-media-text__content\">\n<p>Clasificadas campeonas de manera invicta en la instancia regional, cuando se enfrentaron a combinados de distritos del este y el sudeste del territorito bonaerense, las jugadoras que integran el Seleccionado Necochea de F\u00fatbol Femenino viajar\u00e1n este fin de semana a Mar del Plata para disputar la instancia final de la \u201cCopa Igualdad \u2013 Hero\u00ednas de Malvinas\u201d, nada menos que en el Estadio Mundialista \u201cJos\u00e9 Mar\u00eda Minella\u201d.<\/p>\n<p>En esta ocasi\u00f3n, el plantel estar\u00e1 disputando el tercer y cuarto puesto del certamen, luego de que se definiera este lugar en una instancia anterior disputada en el Municipio de General Guido, con transmisi\u00f3n en vivo a trav\u00e9s de los canales de Youtube del Ministerio de las Mujeres, Pol\u00edticas de G\u00e9nero y Diversidad Sexual provincial (MinMujeresPBA) y en la p\u00e1gina\u00a0<a href=\"http:\/\/www.relatores.com.ar\/\">www.relatores.com.ar<\/a>.<\/p>\n<p>\u201cNecochea, al salir campe\u00f3n de la Regi\u00f3n V, se meti\u00f3 en las finales del torneo provincial que se va a disputar este fin de semana en Mar del Plata, en el Estadio Minella\u201d, confirm\u00f3 la directora de Pol\u00edticas de G\u00e9nero, Noelia Otero, desde cuya \u00e1rea se gestion\u00f3 el apoyo de la comuna para que este combinado pueda representar al distrito en la copa.<\/p>\n<\/div>\n<\/div>\n<p>\u201cEl municipio aport\u00f3 todo el recurso para que el seleccionado pudiera tener sus pr\u00e1cticas, la ropa deportiva, los traslados y los alimentos necesarios\u201d, revel\u00f3 la funcionaria, asegurando que las integrantes del equipo \u201cest\u00e1n muy emocionadas y con muchas ganas de jugar en un estadio como este, d\u00e1ndole visibilidad al f\u00fatbol femenino de toda la provincia de Buenos Aires\u201d.<\/p>\n","protected":false},"excerpt":{"rendered":"<p>Se trata de la \u201cCopa Igualdad\u201d, que organiza el Ministerio de las Mujeres bonaerense y en el que participaron 51 equipos. Las locales se medir\u00e1n en el Estadio Mundialista de Mar del Plata con Olavarr\u00eda, en la ma\u00f1ana del domingo y buscando quedarse con el tercer puesto, luego de coronarse en la instancia regional. El [&hellip;]<\/p>\n","protected":false},"author":3,"featured_media":93976,"comment_status":"closed","ping_status":"closed","sticky":false,"template":"","format":"standard","meta":{"footnotes":""},"categories":[3],"tags":[],"class_list":["post-93975","post","type-post","status-publish","format-standard","has-post-thumbnail","category-masnoticias"],"_links":{"self":[{"href":"https:\/\/primicias2262.com\/noticias\/wp-json\/wp\/v2\/posts\/93975","targetHints":{"allow":["GET"]}}],"collection":[{"href":"https:\/\/primicias2262.com\/noticias\/wp-json\/wp\/v2\/posts"}],"about":[{"href":"https:\/\/primicias2262.com\/noticias\/wp-json\/wp\/v2\/types\/post"}],"author":[{"embeddable":true,"href":"https:\/\/primicias2262.com\/noticias\/wp-json\/wp\/v2\/users\/3"}],"replies":[{"embeddable":true,"href":"https:\/\/primicias2262.com\/noticias\/wp-json\/wp\/v2\/comments?post=93975"}],"version-history":[{"count":0,"href":"https:\/\/primicias2262.com\/noticias\/wp-json\/wp\/v2\/posts\/93975\/revisions"}],"wp:attachment":[{"href":"https:\/\/primicias2262.com\/noticias\/wp-json\/wp\/v2\/media?parent=93975"}],"wp:term":[{"taxonomy":"category","embeddable":true,"href":"https:\/\/primicias2262.com\/noticias\/wp-json\/wp\/v2\/categories?post=93975"},{"taxonomy":"post_tag","embeddable":true,"href":"https:\/\/primicias2262.com\/noticias\/wp-json\/wp\/v2\/tags?post=93975"}],"curies":[{"name":"wp","href":"https:\/\/api.w.org\/{rel}","templated":true}]}}