{"id":93978,"date":"2022-10-01T21:45:55","date_gmt":"2022-10-02T00:45:55","guid":{"rendered":"https:\/\/primicias2262.com\/?p=93978"},"modified":"2022-10-01T21:45:55","modified_gmt":"2022-10-02T00:45:55","slug":"entregaron-diplomas-de-un-curso-sobre-trabajo-socio-comunitario","status":"publish","type":"post","link":"https:\/\/primicias2262.com\/noticias\/entregaron-diplomas-de-un-curso-sobre-trabajo-socio-comunitario\/","title":{"rendered":"Entregaron diplomas de un curso sobre trabajo socio comunitario"},"content":{"rendered":"<p>Se llev\u00f3 acabo en la Unidad Barrial UTEP Malvones la entrega de certificados de la Diplomatura en Trabajo Sociocomunitario de la Universidad Nacional de la Matanza.<\/p>\n<div dir=\"auto\">Dicha cursada se dict\u00f3 en 2021 de forma virtual y presencial en el Centro Cultural Necochea &#8211; Bibiblioteca Popular Andres Ferreyra y estuvo a cargo del capacitador, Franco Cuello.<\/div>\n<div dir=\"auto\"><\/div>\n<div dir=\"auto\">El acto estuvo a cargo del Centro de la Econom\u00eda Popular, de la Secretaria de Econom\u00eda Social de Naci\u00f3n, y cont\u00f3 con la presencia de sus coordinadores territoriales, Isacc Cordobez y a nivel local, Tatiana Gonzalez Pons y Luciano Lescano.<\/div>\n<div dir=\"auto\"><\/div>\n<div dir=\"auto\">El acto de la diplomatura gestionada por el Movimienta Evita Necochea cont\u00f3 con una intervenci\u00f3n de danza y expresi\u00f3n corporal a cargo de Mariana Bargas y Brian Hoyos (Secretar\u00eda de Cultura Evita) para luego pasar a un encuentro en donde las 23 egresadas compartieron sus experiencias personales y colectivas de la cursada como as\u00ed tambi\u00e9n sus proyectos finales.<\/div>\n<div dir=\"auto\"><\/div>\n<div dir=\"auto\">M\u00e1s tarde Luciano Lescano, Roc\u00edo Mateo e Isaac Cordobez resaltaron la importancia de construir estas diplomaturas que permiten el acceso a saberes y conocimientos acad\u00e9micos que las propias trabajadoras sociomunitarias ponen cada d\u00eda en pr\u00e1ctica en el barrio y en su comunidad.<\/div>\n<div dir=\"auto\"><\/div>\n<div dir=\"auto\">Se reconoci\u00f3 y se entreg\u00f3 un obsequio por parte de Patricia Aranda y Susana Marchal a una hist\u00f3rica trabajadora sociocomunitaria del Barrio Malvones, Ana Montiel.<\/div>\n<div dir=\"auto\"><\/div>\n<div dir=\"auto\">Por \u00faltimo, se plant\u00f3 un \u00e1rbol de membrillo en el frente de la Unidad Barrial, donaci\u00f3n de Ciudad Frutal, promoviendo y poniendo el valor la soberan\u00eda alimentaria que construimos y por la que se milita en nuestros barrios populares.<\/div>\n<div class=\"yj6qo\"><\/div>\n<div class=\"adL\" dir=\"auto\"><\/div>\n","protected":false},"excerpt":{"rendered":"<p>Se llev\u00f3 acabo en la Unidad Barrial UTEP Malvones la entrega de certificados de la Diplomatura en Trabajo Sociocomunitario de la Universidad Nacional de la Matanza. Dicha cursada se dict\u00f3 en 2021 de forma virtual y presencial en el Centro Cultural Necochea &#8211; Bibiblioteca Popular Andres Ferreyra y estuvo a cargo del capacitador, Franco Cuello. [&hellip;]<\/p>\n","protected":false},"author":3,"featured_media":93979,"comment_status":"closed","ping_status":"closed","sticky":false,"template":"","format":"standard","meta":{"footnotes":""},"categories":[3],"tags":[],"class_list":["post-93978","post","type-post","status-publish","format-standard","has-post-thumbnail","category-masnoticias"],"_links":{"self":[{"href":"https:\/\/primicias2262.com\/noticias\/wp-json\/wp\/v2\/posts\/93978","targetHints":{"allow":["GET"]}}],"collection":[{"href":"https:\/\/primicias2262.com\/noticias\/wp-json\/wp\/v2\/posts"}],"about":[{"href":"https:\/\/primicias2262.com\/noticias\/wp-json\/wp\/v2\/types\/post"}],"author":[{"embeddable":true,"href":"https:\/\/primicias2262.com\/noticias\/wp-json\/wp\/v2\/users\/3"}],"replies":[{"embeddable":true,"href":"https:\/\/primicias2262.com\/noticias\/wp-json\/wp\/v2\/comments?post=93978"}],"version-history":[{"count":0,"href":"https:\/\/primicias2262.com\/noticias\/wp-json\/wp\/v2\/posts\/93978\/revisions"}],"wp:attachment":[{"href":"https:\/\/primicias2262.com\/noticias\/wp-json\/wp\/v2\/media?parent=93978"}],"wp:term":[{"taxonomy":"category","embeddable":true,"href":"https:\/\/primicias2262.com\/noticias\/wp-json\/wp\/v2\/categories?post=93978"},{"taxonomy":"post_tag","embeddable":true,"href":"https:\/\/primicias2262.com\/noticias\/wp-json\/wp\/v2\/tags?post=93978"}],"curies":[{"name":"wp","href":"https:\/\/api.w.org\/{rel}","templated":true}]}}