{"id":93999,"date":"2022-10-02T13:43:03","date_gmt":"2022-10-02T16:43:03","guid":{"rendered":"https:\/\/primicias2262.com\/?p=93999"},"modified":"2022-10-02T13:43:03","modified_gmt":"2022-10-02T16:43:03","slug":"esnaola-de-cara-a-las-elecciones-2023-todavia-estamos-pisando-sobre-cascaras-de-huevo","status":"publish","type":"post","link":"https:\/\/primicias2262.com\/noticias\/esnaola-de-cara-a-las-elecciones-2023-todavia-estamos-pisando-sobre-cascaras-de-huevo\/","title":{"rendered":"Esnaola de cara a las elecciones 2023: \u201cTodav\u00eda estamos pisando sobre c\u00e1scaras de huevo\u201d"},"content":{"rendered":"<p>El dirigente radical habl\u00f3 sobre varios puntos en \u201cVoces de la Ciudad\u201d, y marc\u00f3 que todav\u00eda hay una cierta incertidumbre para los distintos partidos.<\/p>\n<p>En di\u00e1logo con el periodista Hugo Moller, el presidente del Comit\u00e9 Emiliano Ab\u00e1solo afirm\u00f3 que \u201ctodav\u00eda estamos pisando sobre c\u00e1scaras de huevo, porque despu\u00e9s de lo que paso en el Senado el correlato que viene es avanzar sobre la posibilidad de derogar las PASO\u201d.<\/p>\n<p>Acto seguido apunt\u00f3 al oficialismo nacional al esgrimir que \u201clas PASO son ordenadoras de Juntos por el Cambio y tambi\u00e9n del peronismo, por la diversidad de ambos, pero hoy la conveniencia electoral del gobierno es poner todos los obst\u00e1culos posibles para que la oposici\u00f3n no pueda consolidarse\u201d.<\/p>\n<p>Sigui\u00f3 por la misma v\u00eda al apuntar que \u201cun sistema pol\u00edtico que desequilibra fuertemente el juego de la democracia de control y alternancia, lo que hace es quitarle calidad democr\u00e1tica a las instituciones\u00bb.<\/p>\n<p>\u00abEl peronismo generalmente pone por sobre las instituciones el inter\u00e9s de su partido de poder, pero en este caso ni siquiera eso, sino que los pone directamente sobre los intereses personales de Cristina Fern\u00e1ndez de Kirchner, quien tiene un severo problema con la justicia que deber\u00e1 resolver con la justicia, no modificando las instituciones a su favor\u201d, afirm\u00f3.<\/p>\n<p>\u201cJuntos por el Cambio encontr\u00f3 en las PASO la posibilidad de discutir\u201d, afirm\u00f3 Esnaola, y en cuanto a la mira local asever\u00f3 que \u201cen Necochea hubo cuatro listas, y la construcci\u00f3n de Cambiemos fue totalmente distinta. Ac\u00e1 en su momento el PRO cedi\u00f3 su representaci\u00f3n al sindicato de la UATRE y a diferencias de otros lugares de la provincia no se pudo estructurar un acuerdo muy consolidado\u00bb<\/p>\n<p>Opin\u00f3 que \u00abfue cuando se produjo el vac\u00edo cuando se dio el salto de la UATRE al kirchnerismo y del Intendente (Arturo Rojas) a ese olimpo de decir \u201cyo pongo la boleta donde quiero\u201d, creyendo que es la estrategia de un gran gobernante, y esto b\u00e1sicamente lo que hace es debilitar los intereses de Necochea fuera de Necochea\u201d.<\/p>\n<p>\u201cPodr\u00e1n decir que de esa manera tienen la libertad de sentarse con cualquiera, pero la gente sabe que en cualquier orden de la vida el que se sienta con todos y vive en el mismo lodo, todos manoseados, es muy probable que no pueda hacer valer su verdadero inter\u00e9s general, y eso nos dej\u00f3 un gran vac\u00edo en Juntos por el Cambio, la construcci\u00f3n ha sido y es muy compleja\u201d, concluy\u00f3 el referente de la UCR local.<\/p>\n","protected":false},"excerpt":{"rendered":"<p>El dirigente radical habl\u00f3 sobre varios puntos en \u201cVoces de la Ciudad\u201d, y marc\u00f3 que todav\u00eda hay una cierta incertidumbre para los distintos partidos. En di\u00e1logo con el periodista Hugo Moller, el presidente del Comit\u00e9 Emiliano Ab\u00e1solo afirm\u00f3 que \u201ctodav\u00eda estamos pisando sobre c\u00e1scaras de huevo, porque despu\u00e9s de lo que paso en el Senado [&hellip;]<\/p>\n","protected":false},"author":3,"featured_media":93868,"comment_status":"closed","ping_status":"closed","sticky":false,"template":"","format":"standard","meta":{"footnotes":""},"categories":[3],"tags":[],"class_list":["post-93999","post","type-post","status-publish","format-standard","has-post-thumbnail","category-masnoticias"],"_links":{"self":[{"href":"https:\/\/primicias2262.com\/noticias\/wp-json\/wp\/v2\/posts\/93999","targetHints":{"allow":["GET"]}}],"collection":[{"href":"https:\/\/primicias2262.com\/noticias\/wp-json\/wp\/v2\/posts"}],"about":[{"href":"https:\/\/primicias2262.com\/noticias\/wp-json\/wp\/v2\/types\/post"}],"author":[{"embeddable":true,"href":"https:\/\/primicias2262.com\/noticias\/wp-json\/wp\/v2\/users\/3"}],"replies":[{"embeddable":true,"href":"https:\/\/primicias2262.com\/noticias\/wp-json\/wp\/v2\/comments?post=93999"}],"version-history":[{"count":0,"href":"https:\/\/primicias2262.com\/noticias\/wp-json\/wp\/v2\/posts\/93999\/revisions"}],"wp:attachment":[{"href":"https:\/\/primicias2262.com\/noticias\/wp-json\/wp\/v2\/media?parent=93999"}],"wp:term":[{"taxonomy":"category","embeddable":true,"href":"https:\/\/primicias2262.com\/noticias\/wp-json\/wp\/v2\/categories?post=93999"},{"taxonomy":"post_tag","embeddable":true,"href":"https:\/\/primicias2262.com\/noticias\/wp-json\/wp\/v2\/tags?post=93999"}],"curies":[{"name":"wp","href":"https:\/\/api.w.org\/{rel}","templated":true}]}}