{"id":94001,"date":"2022-10-02T13:46:05","date_gmt":"2022-10-02T16:46:05","guid":{"rendered":"https:\/\/primicias2262.com\/?p=94001"},"modified":"2022-10-02T13:46:05","modified_gmt":"2022-10-02T16:46:05","slug":"necodescuentos-el-primer-hot-sale-local-dejo-buena-impresion-en-la-camara-comercial","status":"publish","type":"post","link":"https:\/\/primicias2262.com\/noticias\/necodescuentos-el-primer-hot-sale-local-dejo-buena-impresion-en-la-camara-comercial\/","title":{"rendered":"NecoDescuentos: el primer \u2018Hot Sale\u2019 local dej\u00f3 buena impresi\u00f3n en la C\u00e1mara Comercial"},"content":{"rendered":"<p>Si bien en cuanto a venta no fue el \u00e9xito que se esperaba, por ser la primera edici\u00f3n \u201cfue una experiencia positiva\u201d, asegur\u00f3 el titular de la C\u00e1mara Comercial de Necochea, Mariano Gonz\u00e1lez.<\/p>\n<p>En nota con el periodista Hugo Arroyo en \u201cVoces de la Ciudad\u201d, Gonz\u00e1lez se refiri\u00f3 al programa NecoDescuentos, al expresar que \u201cfue la primera experiencia que tuvimos en Necochea y fue positiva porque se desarroll\u00f3 con normalidad, no hubo ning\u00fan tipo de inconvenientes, mucha gente se fue enterando y particip\u00f3 tambi\u00e9n la Municipalidad con t\u00f3tem y calcos para los locales\u201d.<\/p>\n<p>\u201cEstuvo bueno que se anotaron casi 40 comercios\u2026 por ah\u00ed la venta de la primera edici\u00f3n no fue lo que uno espera, pero era la primera edici\u00f3n. Hablando con gente de Mar del Plata nos dec\u00edan que hasta la tercera edici\u00f3n no tuvieron el \u00e9xito que esperaban, y es l\u00f3gico porque no todos est\u00e1n enterados\u201d, acot\u00f3 el comerciante.<\/p>\n<p>Por ello, afirm\u00f3 que \u201cestamos contentos y sabemos que en las pr\u00f3ximas ediciones va a ser mejor. Estamos viendo c\u00f3mo promocionarlo mejor y que llegue a todo el mundo, ya que la gente que se enter\u00f3 del descuento del 20% era la mayor\u00eda de la gente que pasaba por los negocios en el momento\u201d, y asegur\u00f3 que \u201cson herramientas que sirven, como la Cuenta DNI, que al principio estaba medio tibio y despu\u00e9s de golpe tuvo una explosi\u00f3n en los comercios de barrios, que nos contaban que venden un 60% m\u00e1s de lo que venden un d\u00eda com\u00fan\u201d.<\/p>\n<p>\u201cEn este caso entendemos que podemos llegar a lograr una venta extraordinaria que en los d\u00edas normales no podemos llegar a tener, y ya para m\u00ed la tercera edici\u00f3n va a ser un \u00e9xito\u201d, augur\u00f3 el titular de la C\u00e1mara Comercial.<\/p>\n<p>Asimismo dej\u00f3 entrever sobre los meses venideros que \u201cal principio dec\u00edamos de parar en diciembre y enero, ya que son beneficios que queremos que tengan los clientes que tenemos durante todo el a\u00f1o en la ciudad\u201d, pero no obstante anticip\u00f3 que \u201ces probable que se hable con los comercios de la Villa Balnearia a ver si quieren hacer un NecoDescuentos durante la temporada, que estar\u00eda muy bueno\u201d.<\/p>\n<p>\u201cEs algo que aprovecha todo el mundo porque entendemos que la plata alcanza cada vez menos, son herramientas para subsistir porque si no vamos a desaparecer\u201d, enfatiz\u00f3 Gonz\u00e1lez finalmente.<\/p>\n","protected":false},"excerpt":{"rendered":"<p>Si bien en cuanto a venta no fue el \u00e9xito que se esperaba, por ser la primera edici\u00f3n \u201cfue una experiencia positiva\u201d, asegur\u00f3 el titular de la C\u00e1mara Comercial de Necochea, Mariano Gonz\u00e1lez. En nota con el periodista Hugo Arroyo en \u201cVoces de la Ciudad\u201d, Gonz\u00e1lez se refiri\u00f3 al programa NecoDescuentos, al expresar que \u201cfue [&hellip;]<\/p>\n","protected":false},"author":3,"featured_media":77911,"comment_status":"closed","ping_status":"closed","sticky":false,"template":"","format":"standard","meta":{"footnotes":""},"categories":[3],"tags":[],"class_list":["post-94001","post","type-post","status-publish","format-standard","has-post-thumbnail","category-masnoticias"],"_links":{"self":[{"href":"https:\/\/primicias2262.com\/noticias\/wp-json\/wp\/v2\/posts\/94001","targetHints":{"allow":["GET"]}}],"collection":[{"href":"https:\/\/primicias2262.com\/noticias\/wp-json\/wp\/v2\/posts"}],"about":[{"href":"https:\/\/primicias2262.com\/noticias\/wp-json\/wp\/v2\/types\/post"}],"author":[{"embeddable":true,"href":"https:\/\/primicias2262.com\/noticias\/wp-json\/wp\/v2\/users\/3"}],"replies":[{"embeddable":true,"href":"https:\/\/primicias2262.com\/noticias\/wp-json\/wp\/v2\/comments?post=94001"}],"version-history":[{"count":0,"href":"https:\/\/primicias2262.com\/noticias\/wp-json\/wp\/v2\/posts\/94001\/revisions"}],"wp:attachment":[{"href":"https:\/\/primicias2262.com\/noticias\/wp-json\/wp\/v2\/media?parent=94001"}],"wp:term":[{"taxonomy":"category","embeddable":true,"href":"https:\/\/primicias2262.com\/noticias\/wp-json\/wp\/v2\/categories?post=94001"},{"taxonomy":"post_tag","embeddable":true,"href":"https:\/\/primicias2262.com\/noticias\/wp-json\/wp\/v2\/tags?post=94001"}],"curies":[{"name":"wp","href":"https:\/\/api.w.org\/{rel}","templated":true}]}}