{"id":94027,"date":"2022-10-03T14:05:20","date_gmt":"2022-10-03T17:05:20","guid":{"rendered":"https:\/\/primicias2262.com\/?p=94027"},"modified":"2022-10-03T14:05:20","modified_gmt":"2022-10-03T17:05:20","slug":"por-cuestiones-economicas-este-ano-habra-una-version-acotada-de-la-coraliada","status":"publish","type":"post","link":"https:\/\/primicias2262.com\/noticias\/por-cuestiones-economicas-este-ano-habra-una-version-acotada-de-la-coraliada\/","title":{"rendered":"Por cuestiones econ\u00f3micas, este a\u00f1o habr\u00e1 una versi\u00f3n acotada de la Coraliada"},"content":{"rendered":"<p>La 25ta edici\u00f3n deb\u00eda realizarse el pasado fin de semana pero la situaci\u00f3n econ\u00f3mica actual, principalmente la injerencia de los costos del combustible, impidieron que varios grupos viajaran y se realizar\u00e1 finalmente un encuentro coral el 12 de noviembre.<\/p>\n<p>As\u00ed lo confirm\u00f3 el director del Coro Alta Mira de Necochea, Roberto Goldar, al expresar en \u201cVoces de la Ciudad\u201d que \u201chemos tenido algunas dificultades propias de los momentos que estamos viviendo en el pa\u00eds econ\u00f3micamente y hemos tenido que posponer la fecha original de la Coraliada, que tendr\u00eda que haber sido para este fin de semana que pas\u00f3\u201d.<\/p>\n<p>En charla con el periodista Hugo Moller, Goldar inform\u00f3 que \u201cvamos a hacerla finalmente para el fin de semana del 12 de noviembre, tenemos invitados a participar coros de la zona, cuyo costos de viaje no sean demasiados onerosos, ya que esa es la principal traba actualmente\u201d.<\/p>\n<p>Sin todos los detalles del evento en noviembre, Goldar anticip\u00f3 que \u201cnos encontraremos en alguna iglesia y haremos un encuentro coral, no mucho m\u00e1s que eso\u2026 pero m\u00e1s que nada para no perder la continuidad\u201d, ya que la Coraliada se realiza de manera ininterrumpida desde 1998.<\/p>\n<p>No obstante, el director del Coro Alta Mira reconoci\u00f3 que \u201chay que adaptarse a la realidad y en vez de tener tantas actividades como normalmente tenemos esta vez ser\u00e1 un encuentro coral. Llevamos unos cuantos a\u00f1os y esta vez tendremos que adecuarnos a las circunstancias de este a\u00f1o y comenzar a programar la del a\u00f1o que viene con mayor expectativa\u201d.<\/p>\n","protected":false},"excerpt":{"rendered":"<p>La 25ta edici\u00f3n deb\u00eda realizarse el pasado fin de semana pero la situaci\u00f3n econ\u00f3mica actual, principalmente la injerencia de los costos del combustible, impidieron que varios grupos viajaran y se realizar\u00e1 finalmente un encuentro coral el 12 de noviembre. As\u00ed lo confirm\u00f3 el director del Coro Alta Mira de Necochea, Roberto Goldar, al expresar en [&hellip;]<\/p>\n","protected":false},"author":3,"featured_media":94028,"comment_status":"closed","ping_status":"closed","sticky":false,"template":"","format":"standard","meta":{"footnotes":""},"categories":[3],"tags":[],"class_list":["post-94027","post","type-post","status-publish","format-standard","has-post-thumbnail","category-masnoticias"],"_links":{"self":[{"href":"https:\/\/primicias2262.com\/noticias\/wp-json\/wp\/v2\/posts\/94027","targetHints":{"allow":["GET"]}}],"collection":[{"href":"https:\/\/primicias2262.com\/noticias\/wp-json\/wp\/v2\/posts"}],"about":[{"href":"https:\/\/primicias2262.com\/noticias\/wp-json\/wp\/v2\/types\/post"}],"author":[{"embeddable":true,"href":"https:\/\/primicias2262.com\/noticias\/wp-json\/wp\/v2\/users\/3"}],"replies":[{"embeddable":true,"href":"https:\/\/primicias2262.com\/noticias\/wp-json\/wp\/v2\/comments?post=94027"}],"version-history":[{"count":0,"href":"https:\/\/primicias2262.com\/noticias\/wp-json\/wp\/v2\/posts\/94027\/revisions"}],"wp:attachment":[{"href":"https:\/\/primicias2262.com\/noticias\/wp-json\/wp\/v2\/media?parent=94027"}],"wp:term":[{"taxonomy":"category","embeddable":true,"href":"https:\/\/primicias2262.com\/noticias\/wp-json\/wp\/v2\/categories?post=94027"},{"taxonomy":"post_tag","embeddable":true,"href":"https:\/\/primicias2262.com\/noticias\/wp-json\/wp\/v2\/tags?post=94027"}],"curies":[{"name":"wp","href":"https:\/\/api.w.org\/{rel}","templated":true}]}}