{"id":94030,"date":"2022-10-03T14:14:34","date_gmt":"2022-10-03T17:14:34","guid":{"rendered":"https:\/\/primicias2262.com\/?p=94030"},"modified":"2022-10-03T14:14:34","modified_gmt":"2022-10-03T17:14:34","slug":"mario-wilghenoff-destaco-el-sentido-de-pertenencia-de-los-quequenenses","status":"publish","type":"post","link":"https:\/\/primicias2262.com\/noticias\/mario-wilghenoff-destaco-el-sentido-de-pertenencia-de-los-quequenenses\/","title":{"rendered":"Mario Wilghenoff destac\u00f3 el sentido de pertenencia de los quequenenses"},"content":{"rendered":"<p>As\u00ed lo expres\u00f3 en \u201cVoces de la Ciudad\u201d el delegado municipal de Quequ\u00e9n, Mario Wilgenhoff, quien asumi\u00f3 su funci\u00f3n hace un mes y destac\u00f3 un fuerte sentido de pertenencia del vecino quequenense con su ciudad.<\/p>\n<p>En di\u00e1logo con el periodista Hugo Arroyo, quien tambi\u00e9s es presidente del Club Ministerio de Quequ\u00e9n se\u00f1al\u00f3 al principio que \u201cme encontr\u00e9 con un gran equipo de trabajo en la Delegaci\u00f3n, con la camiseta bien puesta y eso fue una gran ayuda para m\u00ed, al igual que la colaboraci\u00f3n del delegado saliente, Hern\u00e1n Rodr\u00edguez, quien se puso a disposici\u00f3n durante algunos d\u00edas para que la transici\u00f3n fuera m\u00e1s f\u00e1cil para m\u00ed y explicarme la din\u00e1mica de esto\u201d.<\/p>\n<p>Despu\u00e9s de eso, \u201censeguida tratando de poner mi impronta y priorizando escuchar la problem\u00e1tica de los vecinos en persona, me gusta atenderlos y saber de las inquietudes\u201d, se\u00f1al\u00f3 Wilgenhoff, para asegurar que \u201cel quequenense quiere a Quequ\u00e9n como los necochenses no queremos a Necochea, lo he notado. El quequenense viene y se queja cuando falta algo, cosa que nosotros tenemos que recepcionar y tratar de dar una soluci\u00f3n\u201d.<\/p>\n<p>\u201cLa gente siempre est\u00e1 dispuesta y las puertas de la Delegaci\u00f3n est\u00e1n abiertas para que aporten ideas y expresen sus quejas\u201d, manifest\u00f3, para puntualizar que \u201cla obra p\u00fablica es esencial y el tema de agua y cloaca vienen con un atraso importante en Quequ\u00e9n. Se inici\u00f3 una obra de cloaca detr\u00e1s de la cancha de Estaci\u00f3n que la estaban esperando hace m\u00e1s de 20 a\u00f1os, y as\u00ed nos pasa con el agua y dem\u00e1s cosas esenciales en las que hay un atraso importante\u201d.<\/p>\n<p>Acto seguido, cont\u00f3 Wilgenhoff que \u201cen la etapa que viene queremos poner en marcha el regador porque hay mucha calle de tierra en Quequ\u00e9n, y si bien se ha hecho un trabajo muy importante con el Ente Vial, en esta \u00e9poca que no llueve tanto el polvillo se pone insoportable para los vecinos\u201d, tras lo cual anotici\u00f3 que \u201cestamos concursando los precios de los distintos servicios de riego para arrancar en breve\u201d.<\/p>\n<p>En cuanto a los arreglos de calles, el delegado apunt\u00f3 que \u201cestamos articulando con el Ente Vial y se han mejorado mucho las calles\u201d; pero al poner la lupa en la cuesti\u00f3n social la mirada fue un poco m\u00e1s preocupante: \u201cHay mucha gente que est\u00e1 con necesidades y muchas b\u00e1sicas, hay gente de Desarrollo Social tratando de asistir y dar una mano, vengo recorriendo como lo hac\u00eda de la \u00e9poca que trabajaba en la calle para la Usina, viendo la problem\u00e1tica que hay, que viene de mucho tiempo, y tratamos de estar presentes\u201d, concluy\u00f3.<\/p>\n","protected":false},"excerpt":{"rendered":"<p>As\u00ed lo expres\u00f3 en \u201cVoces de la Ciudad\u201d el delegado municipal de Quequ\u00e9n, Mario Wilgenhoff, quien asumi\u00f3 su funci\u00f3n hace un mes y destac\u00f3 un fuerte sentido de pertenencia del vecino quequenense con su ciudad. En di\u00e1logo con el periodista Hugo Arroyo, quien tambi\u00e9s es presidente del Club Ministerio de Quequ\u00e9n se\u00f1al\u00f3 al principio que [&hellip;]<\/p>\n","protected":false},"author":3,"featured_media":93256,"comment_status":"closed","ping_status":"closed","sticky":false,"template":"","format":"standard","meta":{"footnotes":""},"categories":[3],"tags":[],"class_list":["post-94030","post","type-post","status-publish","format-standard","has-post-thumbnail","category-masnoticias"],"_links":{"self":[{"href":"https:\/\/primicias2262.com\/noticias\/wp-json\/wp\/v2\/posts\/94030","targetHints":{"allow":["GET"]}}],"collection":[{"href":"https:\/\/primicias2262.com\/noticias\/wp-json\/wp\/v2\/posts"}],"about":[{"href":"https:\/\/primicias2262.com\/noticias\/wp-json\/wp\/v2\/types\/post"}],"author":[{"embeddable":true,"href":"https:\/\/primicias2262.com\/noticias\/wp-json\/wp\/v2\/users\/3"}],"replies":[{"embeddable":true,"href":"https:\/\/primicias2262.com\/noticias\/wp-json\/wp\/v2\/comments?post=94030"}],"version-history":[{"count":0,"href":"https:\/\/primicias2262.com\/noticias\/wp-json\/wp\/v2\/posts\/94030\/revisions"}],"wp:attachment":[{"href":"https:\/\/primicias2262.com\/noticias\/wp-json\/wp\/v2\/media?parent=94030"}],"wp:term":[{"taxonomy":"category","embeddable":true,"href":"https:\/\/primicias2262.com\/noticias\/wp-json\/wp\/v2\/categories?post=94030"},{"taxonomy":"post_tag","embeddable":true,"href":"https:\/\/primicias2262.com\/noticias\/wp-json\/wp\/v2\/tags?post=94030"}],"curies":[{"name":"wp","href":"https:\/\/api.w.org\/{rel}","templated":true}]}}