{"id":94032,"date":"2022-10-03T19:00:45","date_gmt":"2022-10-03T22:00:45","guid":{"rendered":"https:\/\/primicias2262.com\/?p=94032"},"modified":"2022-10-03T19:00:45","modified_gmt":"2022-10-03T22:00:45","slug":"sanchez-jauregui-las-mujeres-en-los-sindicatos-tenemos-que-acompanarnos","status":"publish","type":"post","link":"https:\/\/primicias2262.com\/noticias\/sanchez-jauregui-las-mujeres-en-los-sindicatos-tenemos-que-acompanarnos\/","title":{"rendered":"S\u00e1nchez J\u00e1uregui: \u201cLas mujeres en los sindicatos tenemos que acompa\u00f1arnos\u00bb"},"content":{"rendered":"<p>La diputada provincial particip\u00f3 del panel \u201cSociedad del cuidado: democracia y desaf\u00edos actuales\u201d en el marco del cierre del Pre Encuentro Federal camino a la XV Conferencia Regional sobre la Mujer y el Caribe de la CEPAL y ONU Mujeres.<\/p>\n<p>En la apertura del panel, estuvo junto a la ministra de Mujeres bonaerense, Estela D\u00edaz, Marita Perceval, ministra de Igualdad e Integraci\u00f3n de San Cruz, Agostina Mora Dold\u00e1n, ministra de Desarrollo Social de Entre R\u00edos, Marisa Paira, secretaria DDHH y G\u00e9nero de Chaco Silvana P\u00e9rez, la diputada nacional del Frente de Todos, Carolina Yutrovic y la secretaria de la Mujer, G\u00e9neros y Diversidad de La Pampa, Liliana Robledo.<\/p>\n<p>En este sentido, la legisladora se\u00f1al\u00f3 que \u201cfueron jornadas de mucha emoci\u00f3n y trabajo conjunto. Compartimos experiencias y debatimos sobre los ejes y las problem\u00e1ticas que enfrentamos a diario en toda la provincia y en todo el pa\u00eds haciendo eje en la justicia, ambientalismo, brecha digital y el rol de las mujeres en los distintos espacios\u201d.<\/p>\n<p>Como referente de la Uatre, S\u00e1nchez Jauregui sostuvo que \u201clas mujeres en los sindicatos tenemos que acompa\u00f1arnos y lograr acceder a esos lugares que nos son tan hostiles de participaci\u00f3n, como as\u00ed tambi\u00e9n en los espacios pol\u00edticos. Es el momento de acompa\u00f1arnos entre todas las mujeres que venimos participando y construyendo en pol\u00edtica con el desaf\u00edo puesto en conformar las listas seccionales\u201d.<\/p>\n<p>Adem\u00e1s, agradeci\u00f3 a la vicegobernadora, Ver\u00f3nica Magario y a las ministras Cristina Alvarez Rodriguez y Ester D\u00edaz por \u00abacompa\u00f1arnos y abrir estos espacios a la participaci\u00f3n colectiva que nos dejan tanto para trabajar en pol\u00edticas p\u00fablicas y proyectos legislativos.\u00bb<\/p>\n<p>Tambi\u00e9n, la diputada provincial, agradeci\u00f3 la presencia de Marta Gra\u00f1a, \u201cgracias infinitas a mis compa\u00f1eras del Partido Fe y Uatre por participar, apoyar y acompa\u00f1arme a fin de seguir visibilizando a las trabajadoras rurales.\u201d<\/p>\n","protected":false},"excerpt":{"rendered":"<p>La diputada provincial particip\u00f3 del panel \u201cSociedad del cuidado: democracia y desaf\u00edos actuales\u201d en el marco del cierre del Pre Encuentro Federal camino a la XV Conferencia Regional sobre la Mujer y el Caribe de la CEPAL y ONU Mujeres. En la apertura del panel, estuvo junto a la ministra de Mujeres bonaerense, Estela D\u00edaz, [&hellip;]<\/p>\n","protected":false},"author":3,"featured_media":94034,"comment_status":"closed","ping_status":"closed","sticky":false,"template":"","format":"standard","meta":{"footnotes":""},"categories":[3],"tags":[],"class_list":["post-94032","post","type-post","status-publish","format-standard","has-post-thumbnail","category-masnoticias"],"_links":{"self":[{"href":"https:\/\/primicias2262.com\/noticias\/wp-json\/wp\/v2\/posts\/94032","targetHints":{"allow":["GET"]}}],"collection":[{"href":"https:\/\/primicias2262.com\/noticias\/wp-json\/wp\/v2\/posts"}],"about":[{"href":"https:\/\/primicias2262.com\/noticias\/wp-json\/wp\/v2\/types\/post"}],"author":[{"embeddable":true,"href":"https:\/\/primicias2262.com\/noticias\/wp-json\/wp\/v2\/users\/3"}],"replies":[{"embeddable":true,"href":"https:\/\/primicias2262.com\/noticias\/wp-json\/wp\/v2\/comments?post=94032"}],"version-history":[{"count":0,"href":"https:\/\/primicias2262.com\/noticias\/wp-json\/wp\/v2\/posts\/94032\/revisions"}],"wp:attachment":[{"href":"https:\/\/primicias2262.com\/noticias\/wp-json\/wp\/v2\/media?parent=94032"}],"wp:term":[{"taxonomy":"category","embeddable":true,"href":"https:\/\/primicias2262.com\/noticias\/wp-json\/wp\/v2\/categories?post=94032"},{"taxonomy":"post_tag","embeddable":true,"href":"https:\/\/primicias2262.com\/noticias\/wp-json\/wp\/v2\/tags?post=94032"}],"curies":[{"name":"wp","href":"https:\/\/api.w.org\/{rel}","templated":true}]}}