{"id":94035,"date":"2022-10-03T19:08:57","date_gmt":"2022-10-03T22:08:57","guid":{"rendered":"https:\/\/primicias2262.com\/?p=94035"},"modified":"2022-10-03T19:08:57","modified_gmt":"2022-10-03T22:08:57","slug":"la-red-noroeste-festejo-el-dia-del-derecho-de-las-infancias-a-jugar","status":"publish","type":"post","link":"https:\/\/primicias2262.com\/noticias\/la-red-noroeste-festejo-el-dia-del-derecho-de-las-infancias-a-jugar\/","title":{"rendered":"La Red Noroeste festej\u00f3 el D\u00eda del Derecho de las Infancias a Jugar"},"content":{"rendered":"<p><strong>La celebraci\u00f3n tuvo lugar en la plaza ubicada en calle 100 entre 61 y 63 el pasado s\u00e1bado 1\u00ba de octubre, con un sistema de postas mediante el cual los ni\u00f1os y ni\u00f1as de los distintos barrios, acompa\u00f1ados por sus familias, pudieron disfrutar de actividades recreativas, talleres culturales, clases de zumba, murga y hasta una merienda.<\/strong><\/p>\n<p>En nuestro pa\u00eds, cada 27 de septiembre se celebra el D\u00eda del Derecho de la Ni\u00f1ez a Jugar, en conmemoraci\u00f3n a la fecha en que qued\u00f3 sancionada la Ley N\u00b0 23.849 que puso en vigencia la Convenci\u00f3n sobre los Derechos del Ni\u00f1o, aprobada por la Asamblea General de las Naciones Unidas el 20 de noviembre de 1989.<\/p>\n<p>En ese marco, la Red Barrial Noroeste, con el apoyo de la Secretar\u00eda de Desarrollo Humano y Pol\u00edticas Sociales de la Municipalidad de Necochea, organiz\u00f3 una jornada recreativa este s\u00e1bado 1\u00ba de octubre que cont\u00f3 con numerosas actividades recreativas, organizadas mediante un sistema de postas, clases de zumba, talleres culturales y hasta una merienda que se comparti\u00f3 en familia.<\/p>\n<p>Entre las caritas sonrientes de cientos de ni\u00f1os y ni\u00f1as que se acercaron hasta la plaza ubicada a metros del Barrio \u201cJos\u00e9 Hern\u00e1ndez\u201d para celebrar una evocaci\u00f3n tan especial, las instituciones que conforman esta asociaci\u00f3n resaltaron como objetivo de la jornada reconocerles el\u00a0derecho\u00a0al descanso y al esparcimiento, al juego y a las actividades recreativas propias de su edad, tanto as\u00ed como a participar libremente en la vida cultural y en las artes.<\/p>\n<p>En representaci\u00f3n de este nucleamiento, que est\u00e1 conformado por las escuelas primarias N\u00ba 19, 48, y 52; las secundarias N\u00ba 5 y 16; los jardines N\u00ba 909 y \u201cPichi huinca\u201d, el Centro de Salud del Barrio 9 de Julio, el Centro de Orientaci\u00f3n Familiar (COF), el Centro Comunitario \u201cLa Chapita\u201d, el Centro de Atenci\u00f3n Temprana del Desarrollo Infantil N\u00ba 2 y el Club 9 de Julio, las titulares de estas dos \u00faltimas instituciones opinaron sobre el \u00e9xito de este encuentro.<\/p>\n<div class=\"wp-block-media-text is-stacked-on-mobile is-vertically-aligned-top\">\n<div class=\"wp-block-media-text__content\">\n<p>\u201cFue un evento que se desarroll\u00f3 el 1\u00ba de octubre, junto a toda la Red Barrial Noroeste, en el play\u00f3n de 100 y 63, frente al predio del Jard\u00edn \u201cPichi Huinca\u201d, y en el que tambi\u00e9n participaron, colaborando con juegos, los chicos de las carreras de Educaci\u00f3n F\u00edsica y Psicopedagog\u00eda del Instituto N\u00ba 31, tambi\u00e9n estuvo la murga \u201cLos Cachivaches de la Ilusi\u00f3n\u201d, haciendo la apertura, y hubo una clase de Zumba a cargo del instructor Alfredo Rodr\u00edguez\u201d, destac\u00f3 Carina Giordano, directora del CATDI.<\/p>\n<p>La autoridad del Centro de Atenci\u00f3n Temprana resalt\u00f3 como punto trascendente de este tipo de eventos \u201cla posibilidad de recuperar la importancia del juego para el desarrollo, no solo de la infancia, sino de la vida en general, y el valor de poder compartir eso con toda la familia\u201d.<\/p>\n<\/div>\n<\/div>\n<p>Por su parte, Fabiola De Castro, titular del Club \u201c9 de Julio\u201d, se\u00f1al\u00f3 que \u201chace m\u00e1s de diez a\u00f1os que estamos llevando adelante esta actividad y, realmente, nos pone muy contentos porque es un evento que se ha podido sostener en el tiempo\u201d.<\/p>\n<p>En ese sentido, \u201ceste ha sido el a\u00f1o del reencuentro entre nosotros, despu\u00e9s de la pandemia, ya que seguimos trabajando con ni\u00f1os, pero desde nuestros sitios\u201d y \u201ceste es un poquito el premio que nosotros tenemos del trabajo que realizamos los 365 d\u00edas del a\u00f1o\u201d.<\/p>\n","protected":false},"excerpt":{"rendered":"<p>La celebraci\u00f3n tuvo lugar en la plaza ubicada en calle 100 entre 61 y 63 el pasado s\u00e1bado 1\u00ba de octubre, con un sistema de postas mediante el cual los ni\u00f1os y ni\u00f1as de los distintos barrios, acompa\u00f1ados por sus familias, pudieron disfrutar de actividades recreativas, talleres culturales, clases de zumba, murga y hasta una [&hellip;]<\/p>\n","protected":false},"author":3,"featured_media":94036,"comment_status":"closed","ping_status":"closed","sticky":false,"template":"","format":"standard","meta":{"footnotes":""},"categories":[3],"tags":[],"class_list":["post-94035","post","type-post","status-publish","format-standard","has-post-thumbnail","category-masnoticias"],"_links":{"self":[{"href":"https:\/\/primicias2262.com\/noticias\/wp-json\/wp\/v2\/posts\/94035","targetHints":{"allow":["GET"]}}],"collection":[{"href":"https:\/\/primicias2262.com\/noticias\/wp-json\/wp\/v2\/posts"}],"about":[{"href":"https:\/\/primicias2262.com\/noticias\/wp-json\/wp\/v2\/types\/post"}],"author":[{"embeddable":true,"href":"https:\/\/primicias2262.com\/noticias\/wp-json\/wp\/v2\/users\/3"}],"replies":[{"embeddable":true,"href":"https:\/\/primicias2262.com\/noticias\/wp-json\/wp\/v2\/comments?post=94035"}],"version-history":[{"count":0,"href":"https:\/\/primicias2262.com\/noticias\/wp-json\/wp\/v2\/posts\/94035\/revisions"}],"wp:attachment":[{"href":"https:\/\/primicias2262.com\/noticias\/wp-json\/wp\/v2\/media?parent=94035"}],"wp:term":[{"taxonomy":"category","embeddable":true,"href":"https:\/\/primicias2262.com\/noticias\/wp-json\/wp\/v2\/categories?post=94035"},{"taxonomy":"post_tag","embeddable":true,"href":"https:\/\/primicias2262.com\/noticias\/wp-json\/wp\/v2\/tags?post=94035"}],"curies":[{"name":"wp","href":"https:\/\/api.w.org\/{rel}","templated":true}]}}