{"id":94051,"date":"2022-10-04T18:34:29","date_gmt":"2022-10-04T21:34:29","guid":{"rendered":"https:\/\/primicias2262.com\/?p=94051"},"modified":"2022-10-04T18:34:29","modified_gmt":"2022-10-04T21:34:29","slug":"tano-cafiel-y-alumnos-del-cfp-no-402-proveeran-de-energia-solar-al-paraje-el-durazno","status":"publish","type":"post","link":"https:\/\/primicias2262.com\/noticias\/tano-cafiel-y-alumnos-del-cfp-no-402-proveeran-de-energia-solar-al-paraje-el-durazno\/","title":{"rendered":"\u201cTano\u201d Cafiel y alumnos del CFP N\u00ba 402 proveer\u00e1n de energ\u00eda solar al paraje \u201cEl Durazno\u201d"},"content":{"rendered":"<p><strong>Se trata de un paraje ubicado arriba de Tilcara, en la provincia de Jujuy, a 4 mil metros de altura, con un ascenso que lleva entre 8 y 10 horas, donde viven no m\u00e1s de 10 o 12 familias con las necesidades m\u00e1s b\u00e1sicas.<\/strong><\/p>\n<p>Despu\u00e9s de las movidas solidarias y experiencias vividas en sus viajes a Salta, Corrientes y Lago Puelo, un nuevo objetivo aparece en el horizonte de Norberto \u201cTano\u201d Cafiel y sus alumnos, y es ni m\u00e1s ni menos que \u201cEl Durazno\u201d.<\/p>\n<p>En di\u00e1logo con el periodista Hugo Moller en \u201cVoces de la Ciudad\u201d, el \u00abTano\u00bb Cafiel anticip\u00f3 que \u201cnos estamos preparando para llegar a destino, me acompa\u00f1ar\u00e1n dos alumnos del Centro de Formaci\u00f3n Profesional N\u00ba 402 de Necochea y Mariano Jordan, un exalumno que es bombero y una persona experimentada. A trav\u00e9s de la ONG Ecos pudimos recaudar fondos para poder llegar, es un tema el traslado y la estad\u00eda, y la sociedad nos acompa\u00f1\u00f3 con eso\u201d.<\/p>\n<p>\u00bfY qu\u00e9 es lo que van a hacer? Cafiel contextualiz\u00f3 al respecto que \u201cEl Durazno es un paraje muy alejado donde viven 10 o 12 familias, tienen una escuela muy precaria y uno de los conflictos es la falta de energ\u00eda, directamente no hay\u201d, por lo que la tarea del profesor y sus alumnos ser\u00e1 la de proveerles energ\u00eda, ni m\u00e1s ni menos<\/p>\n<p>Acerca de c\u00f3mo se abri\u00f3 esta posibilidad, Cafiel revel\u00f3 que \u201cnos vio hace tres meses una asociaci\u00f3n llamada \u201cSiete pasos\u201d, que van y vienen permanentemente a El Durazno y donde est\u00e1 Juan de Jes\u00fas, quien es de Necochea y cuando vio lo que hicimos con las movidas en Salta, Corrientes y Lago Puelo se acerc\u00f3 para preguntar\u00bb<\/p>\n<p>\u00abLe dijimos que s\u00ed, que lo pod\u00edamos lograr, as\u00ed que vamos en auto de Necochea a Tilcara, nos prestan un hostel para dejar el veh\u00edculo y el 16 a las 6.30 de la ma\u00f1ana comenzamos el ascenso, a paso de hombre hasta llegar a destino a eso de las 17 o 18 horas\u201d, expres\u00f3.<\/p>\n<p>Sobre el operativo que llevar\u00e1n a cabo en esta aventura, se\u00f1al\u00f3 que \u201cEl Durazno es una construcci\u00f3n de adobe con techo de chapa sostenido con alambres y piedra, y sobre eso vamos a montar una platea solar. Le vamos a instalar un inversor de 1500 vatios, cuesti\u00f3n de que puedan tener servicio de fr\u00edo, por ejemplo una heladera para los remedios, y van a poder tener energ\u00eda y comunicaci\u00f3n, que es lo que a ellos m\u00e1s les preocupa. Ya sea para cargar un tel\u00e9fono, llamar o pedir asistencia, y esto va a permitir que una chica oriunda de Tilcara, que estudi\u00f3 medicina y volvi\u00f3 a su lugar de origen, pueda asistir a esta gente con la energ\u00eda\u201d.<\/p>\n<p>Con mucha fe en lo que emprender\u00e1n, Cafiel afirm\u00f3 que \u201clo vamos a lograr y van a tener servicio m\u00e9dico\u2026 aunque es un disparate decir esto en 2022 porque son argentinos como nosotros\u201d, y aclar\u00f3 que \u201ces algo que les queda para siempre y despu\u00e9s lo pueden seguir ampliando. Dejamos todo armado para que siga creciendo y vamos a instruir alguien del lugar para que conecten a futuro. Lo que para nosotros es cotidiano, para ellos es una primera necesidad en serio\u201d.<\/p>\n<p>\u201cTenemos todo planificado y todos los materiales: las bater\u00edas que nos donaron, regulador de carga, inversor, conductores, luces y las placas solares. Eso ir\u00e1 cargado en dos mulas, y nosotros todos caminando, nos llevar\u00e1 un d\u00eda y medio de trabajo. Damos energ\u00eda en el momento ni bien llegamos, descansamos esa noche, al otro d\u00eda el 17 se trabaja todo el d\u00eda; el 18 se verifica el estado de las cosas y el funcionamiento apto y ya el 19 emprendemos el retorno\u00bb<\/p>\n<p>\u00abO cuando los baqueanos nos puedan bajar, porque si baj\u00e1s solo te perd\u00e9s en los valles. Tenemos que llevar prendas tipo piel de cebolla, remeras t\u00e9rmicas, su\u00e9ter, camperas de abrigo y cuatro litros de agua, tenemos que ir tomando agua permanentemente\u201d, cont\u00f3.<\/p>\n<p>Finalmente, antes de la traves\u00eda Cafiel destac\u00f3 que \u201cla Direcci\u00f3n Provincial de Formaci\u00f3n T\u00e9cnico Profesional nos acompa\u00f1a en todo esto, tambi\u00e9n lo hablamos con Alejandra Noguero, que es la secretaria de nuestro establecimiento y planteamos el proyecto en el aula y en base al proyecto, el aprendizaje. Esto va todo institucionalizado a trav\u00e9s del CFP N\u00ba 402 con la anuencia del Gobierno de la Provincia de Buenos Aires en el \u00e1rea T\u00e9cnico Profesional\u201d.<\/p>\n","protected":false},"excerpt":{"rendered":"<p>Se trata de un paraje ubicado arriba de Tilcara, en la provincia de Jujuy, a 4 mil metros de altura, con un ascenso que lleva entre 8 y 10 horas, donde viven no m\u00e1s de 10 o 12 familias con las necesidades m\u00e1s b\u00e1sicas. Despu\u00e9s de las movidas solidarias y experiencias vividas en sus viajes [&hellip;]<\/p>\n","protected":false},"author":3,"featured_media":94052,"comment_status":"closed","ping_status":"closed","sticky":false,"template":"","format":"standard","meta":{"footnotes":""},"categories":[3],"tags":[],"class_list":["post-94051","post","type-post","status-publish","format-standard","has-post-thumbnail","category-masnoticias"],"_links":{"self":[{"href":"https:\/\/primicias2262.com\/noticias\/wp-json\/wp\/v2\/posts\/94051","targetHints":{"allow":["GET"]}}],"collection":[{"href":"https:\/\/primicias2262.com\/noticias\/wp-json\/wp\/v2\/posts"}],"about":[{"href":"https:\/\/primicias2262.com\/noticias\/wp-json\/wp\/v2\/types\/post"}],"author":[{"embeddable":true,"href":"https:\/\/primicias2262.com\/noticias\/wp-json\/wp\/v2\/users\/3"}],"replies":[{"embeddable":true,"href":"https:\/\/primicias2262.com\/noticias\/wp-json\/wp\/v2\/comments?post=94051"}],"version-history":[{"count":0,"href":"https:\/\/primicias2262.com\/noticias\/wp-json\/wp\/v2\/posts\/94051\/revisions"}],"wp:attachment":[{"href":"https:\/\/primicias2262.com\/noticias\/wp-json\/wp\/v2\/media?parent=94051"}],"wp:term":[{"taxonomy":"category","embeddable":true,"href":"https:\/\/primicias2262.com\/noticias\/wp-json\/wp\/v2\/categories?post=94051"},{"taxonomy":"post_tag","embeddable":true,"href":"https:\/\/primicias2262.com\/noticias\/wp-json\/wp\/v2\/tags?post=94051"}],"curies":[{"name":"wp","href":"https:\/\/api.w.org\/{rel}","templated":true}]}}