{"id":94056,"date":"2022-10-04T18:40:42","date_gmt":"2022-10-04T21:40:42","guid":{"rendered":"https:\/\/primicias2262.com\/?p=94056"},"modified":"2022-10-04T18:40:42","modified_gmt":"2022-10-04T21:40:42","slug":"el-dr-luis-raffaghelli-brindara-la-charla-justicia-y-poder-este-jueves-en-el-pj","status":"publish","type":"post","link":"https:\/\/primicias2262.com\/noticias\/el-dr-luis-raffaghelli-brindara-la-charla-justicia-y-poder-este-jueves-en-el-pj\/","title":{"rendered":"El Dr. Luis Raffaghelli brindar\u00e1 la charla \u201cJusticia y Poder\u201d este jueves en el PJ"},"content":{"rendered":"<p>El exjuez de la C\u00e1mara de Apelaciones Nacional de Trabajo, quien reside en la Ciudad Aut\u00f3noma de Buenos Aires, estar\u00e1 este 6 de octubre en la sede de 61 y 70 a partir de las 19, donde dar\u00e1 una conferencia en t\u00e9rminos acad\u00e9micos a la que puede acercarse cualquier persona que as\u00ed lo desee. \u201cEstar\u00e9 analizando en mi criterio lo que ha pasado con el Poder Judicial en Argentina y su relaci\u00f3n con el poder real\u201d, anticip\u00f3 en \u201cVoces de la Ciudad\u201d.<\/p>\n<p>Durante una note telef\u00f3nica realizada por los periodistas Hugo Moller y Hugo Arroyo, el necochense destac\u00f3 primeramente que \u201cel 1\u00ba de septiembre fue mi \u00faltimo d\u00eda de trabajo en la C\u00e1mara y actualmente estoy prestando tareas como profesor de posgrado en distintas universidades y desarrollando algunas conferencias y charlas\u201d, reconociendo que \u201cahora estoy un poco m\u00e1s tranquilo y con otra perspectiva porque el compromiso de trabajo en el \u00e1mbito judicial era grand\u00edsimo\u201d.<\/p>\n<p>En cuanto a la disertaci\u00f3n del pr\u00f3ximo jueves en la sede del PK local, Raffaghelli adelant\u00f3 que \u201cen Argentina yo no hablo de Justicia, ya que justicia es una palabra muy delicada y significa filos\u00f3ficamente muchas cosas. El Poder Judicial es uno de los tres poderes del Estado, que es una funci\u00f3n que le asigna la Constituci\u00f3n, y en Argentina desde hace un tiempo importante se ha ido degradando y perdiendo terreno en la consideraci\u00f3n p\u00fablica\u2026 se est\u00e1 separando la eficacia de su labor con la necesidad del justiciable\u201d.<\/p>\n<p>\u201cEsto obedece a muchas razones\u201d, asegur\u00f3 el letrado, y acot\u00f3 que \u201chay un sector del Poder Judicial, que es la mayor parte de los jueces y juezas de la justicia ordinaria, no de la justicia federal, que cumple o hace grandes intentos por cumplir y brindar el servicio de justicia, con sus limitaciones\u2026pero por supuesto hay otro sector que est\u00e1 m\u00e1s condicionado y se deja condicionar por las circunstancias pol\u00edticas, que es el que est\u00e1 siendo muy cuestionado por la sociedad, sobre todo la justicia federal penal de Comodoro Py y la Corte Suprema de Justicia de la Naci\u00f3n\u201d.<\/p>\n<p>Respecto a esta \u00faltima, anticip\u00f3 que \u201cpienso hacer un recorrido hist\u00f3rico breve de lo que ha sido nuestra Corte Suprema de Justicia desde sus inicios cuando Bartolom\u00e9 Mitre por un decreto nombr\u00f3 a la primera corte en 1862. Esa Corte ha tenido un derrotero con periodos buenos y otros muy negativos para la Democracia, caso la de 1930 que legitim\u00f3 el golpe de Estado a Hip\u00f3lito Yrigoyen\u201d.<\/p>\n<p>\u201cHablar\u00e9 de eso y tambi\u00e9n de lo vinculado a las circunstancias que se viven, los graves atentados a la Democracia, como el atentado a la vicepresidenta Cristina Kirchner hace unos d\u00edas, que hacen que el Poder Judicial est\u00e9 cuestionado y se requiera otro tipo de respuestas, una renovaci\u00f3n o ampliaci\u00f3n de la corte para satisfacer las miles de causas, sin dejar de tener en cuenta periodos muy delicados como el que se vivi\u00f3 entre 1976 y 1983, donde la Corte guard\u00f3 un silencio c\u00f3mplice respecto a lo que pas\u00f3 en materia de Derechos Humanos\u201d.<\/p>\n","protected":false},"excerpt":{"rendered":"<p>El exjuez de la C\u00e1mara de Apelaciones Nacional de Trabajo, quien reside en la Ciudad Aut\u00f3noma de Buenos Aires, estar\u00e1 este 6 de octubre en la sede de 61 y 70 a partir de las 19, donde dar\u00e1 una conferencia en t\u00e9rminos acad\u00e9micos a la que puede acercarse cualquier persona que as\u00ed lo desee. \u201cEstar\u00e9 [&hellip;]<\/p>\n","protected":false},"author":3,"featured_media":94057,"comment_status":"closed","ping_status":"closed","sticky":false,"template":"","format":"standard","meta":{"footnotes":""},"categories":[3],"tags":[],"class_list":["post-94056","post","type-post","status-publish","format-standard","has-post-thumbnail","category-masnoticias"],"_links":{"self":[{"href":"https:\/\/primicias2262.com\/noticias\/wp-json\/wp\/v2\/posts\/94056","targetHints":{"allow":["GET"]}}],"collection":[{"href":"https:\/\/primicias2262.com\/noticias\/wp-json\/wp\/v2\/posts"}],"about":[{"href":"https:\/\/primicias2262.com\/noticias\/wp-json\/wp\/v2\/types\/post"}],"author":[{"embeddable":true,"href":"https:\/\/primicias2262.com\/noticias\/wp-json\/wp\/v2\/users\/3"}],"replies":[{"embeddable":true,"href":"https:\/\/primicias2262.com\/noticias\/wp-json\/wp\/v2\/comments?post=94056"}],"version-history":[{"count":0,"href":"https:\/\/primicias2262.com\/noticias\/wp-json\/wp\/v2\/posts\/94056\/revisions"}],"wp:attachment":[{"href":"https:\/\/primicias2262.com\/noticias\/wp-json\/wp\/v2\/media?parent=94056"}],"wp:term":[{"taxonomy":"category","embeddable":true,"href":"https:\/\/primicias2262.com\/noticias\/wp-json\/wp\/v2\/categories?post=94056"},{"taxonomy":"post_tag","embeddable":true,"href":"https:\/\/primicias2262.com\/noticias\/wp-json\/wp\/v2\/tags?post=94056"}],"curies":[{"name":"wp","href":"https:\/\/api.w.org\/{rel}","templated":true}]}}