{"id":94059,"date":"2022-10-04T18:47:44","date_gmt":"2022-10-04T21:47:44","guid":{"rendered":"https:\/\/primicias2262.com\/?p=94059"},"modified":"2022-10-04T18:47:44","modified_gmt":"2022-10-04T21:47:44","slug":"desde-este-miercoles-habra-cambios-en-el-recorrido-de-micros-por-el-cumpleanos-de-la-ciudad","status":"publish","type":"post","link":"https:\/\/primicias2262.com\/noticias\/desde-este-miercoles-habra-cambios-en-el-recorrido-de-micros-por-el-cumpleanos-de-la-ciudad\/","title":{"rendered":"Desde este mi\u00e9rcoles habr\u00e1 cambios en el recorrido de micros por el cumplea\u00f1os de la ciudad"},"content":{"rendered":"<p><strong>Debido al cierre al tr\u00e1nsito en la Plaza Dardo Rocha y en la calle 56, las diferentes l\u00edneas de transporte urbano tendr\u00e1n que dirigirse por calle 61 hasta la 52 y reci\u00e9n all\u00ed retomar hacia la Av. 59.<\/strong><\/p>\n<p>Debido a los preparativos de los festejos por el 141\u00ba Aniversario de la fundaci\u00f3n de Necochea, se comunica desde la Municipalidad que a partir de este mi\u00e9rcoles 5 de octubre habr\u00e1 modificaciones en el recorrido de las diferentes l\u00edneas de transporte p\u00fablico urbano hasta el domingo 9, aunque sin afectar la frecuencia de cada micro.<\/p>\n<p>Al respecto, desde la Direcci\u00f3n de Transporte se\u00f1alaron que cada una de las l\u00edneas, 502 y 503 de Nueva Pompeya; y 510, 511, 512, 513 y 518 de Transportes Necochea, desde este mi\u00e9rcoles seguir\u00e1n su recorrido por calle 61 hasta retomar en calle 52 en direcci\u00f3n a la Av. 59. Por consiguiente, no doblar\u00e1n por calle 56, que estar\u00e1 cortada entre 59 y 61; y tampoco podr\u00e1n ingresar por Av. 58 en su recorrido habitual de la rotonda por estar cerrada la plaza del centro.<\/p>\n<p>\u201cSi bien cambiar\u00e1n el recorrido, los servicios de transporte no se ver\u00e1n afectados en su frecuencia y se garantizar\u00e1n las paradas en relaci\u00f3n a los establecimientos educativos del centro\u201d, aclar\u00f3 sobre estas modificaciones el director de Transporte, Facundo Croci.<\/p>\n<p>Vale aclarar que, los mismos cambios en los recorridos de los micros estar\u00e1n vigentes el martes 11 y mi\u00e9rcoles 12 de octubre, mientras que habr\u00e1 otros cambios durante el lunes 10 por el desfile del aniversario, aunque ser\u00e1n comunicados en detalle m\u00e1s cerca de la fecha.<\/p>\n<p><a href=\"https:\/\/primicias2262.com\/wp-content\/uploads\/2022\/10\/Placa-1.jpeg\"><img loading=\"lazy\" decoding=\"async\" class=\"alignleft size-large wp-image-94061\" src=\"https:\/\/primicias2262.com\/wp-content\/uploads\/2022\/10\/Placa-1-819x1024.jpeg\" alt=\"\" width=\"696\" height=\"870\" \/><\/a><\/p>\n<p><a href=\"https:\/\/primicias2262.com\/wp-content\/uploads\/2022\/10\/Placa-2.jpeg\"><img loading=\"lazy\" decoding=\"async\" class=\"alignleft size-large wp-image-94062\" src=\"https:\/\/primicias2262.com\/wp-content\/uploads\/2022\/10\/Placa-2-819x1024.jpeg\" alt=\"\" width=\"696\" height=\"870\" \/><\/a><\/p>\n<p>&nbsp;<\/p>\n<p><a href=\"https:\/\/primicias2262.com\/wp-content\/uploads\/2022\/10\/Placa-3.jpeg\"><img loading=\"lazy\" decoding=\"async\" class=\"alignleft size-large wp-image-94063\" src=\"https:\/\/primicias2262.com\/wp-content\/uploads\/2022\/10\/Placa-3-819x1024.jpeg\" alt=\"\" width=\"696\" height=\"870\" \/><\/a><\/p>\n<p><a href=\"https:\/\/primicias2262.com\/wp-content\/uploads\/2022\/10\/Placa-4.jpeg\"><img loading=\"lazy\" decoding=\"async\" class=\"alignleft size-large wp-image-94064\" src=\"https:\/\/primicias2262.com\/wp-content\/uploads\/2022\/10\/Placa-4-819x1024.jpeg\" alt=\"\" width=\"696\" height=\"870\" \/><\/a><\/p>\n","protected":false},"excerpt":{"rendered":"<p>Debido al cierre al tr\u00e1nsito en la Plaza Dardo Rocha y en la calle 56, las diferentes l\u00edneas de transporte urbano tendr\u00e1n que dirigirse por calle 61 hasta la 52 y reci\u00e9n all\u00ed retomar hacia la Av. 59. Debido a los preparativos de los festejos por el 141\u00ba Aniversario de la fundaci\u00f3n de Necochea, se [&hellip;]<\/p>\n","protected":false},"author":3,"featured_media":94065,"comment_status":"closed","ping_status":"closed","sticky":false,"template":"","format":"standard","meta":{"footnotes":""},"categories":[3],"tags":[],"class_list":["post-94059","post","type-post","status-publish","format-standard","has-post-thumbnail","category-masnoticias"],"_links":{"self":[{"href":"https:\/\/primicias2262.com\/noticias\/wp-json\/wp\/v2\/posts\/94059","targetHints":{"allow":["GET"]}}],"collection":[{"href":"https:\/\/primicias2262.com\/noticias\/wp-json\/wp\/v2\/posts"}],"about":[{"href":"https:\/\/primicias2262.com\/noticias\/wp-json\/wp\/v2\/types\/post"}],"author":[{"embeddable":true,"href":"https:\/\/primicias2262.com\/noticias\/wp-json\/wp\/v2\/users\/3"}],"replies":[{"embeddable":true,"href":"https:\/\/primicias2262.com\/noticias\/wp-json\/wp\/v2\/comments?post=94059"}],"version-history":[{"count":0,"href":"https:\/\/primicias2262.com\/noticias\/wp-json\/wp\/v2\/posts\/94059\/revisions"}],"wp:attachment":[{"href":"https:\/\/primicias2262.com\/noticias\/wp-json\/wp\/v2\/media?parent=94059"}],"wp:term":[{"taxonomy":"category","embeddable":true,"href":"https:\/\/primicias2262.com\/noticias\/wp-json\/wp\/v2\/categories?post=94059"},{"taxonomy":"post_tag","embeddable":true,"href":"https:\/\/primicias2262.com\/noticias\/wp-json\/wp\/v2\/tags?post=94059"}],"curies":[{"name":"wp","href":"https:\/\/api.w.org\/{rel}","templated":true}]}}