{"id":94067,"date":"2022-10-04T19:48:18","date_gmt":"2022-10-04T22:48:18","guid":{"rendered":"https:\/\/primicias2262.com\/?p=94067"},"modified":"2022-10-04T19:48:18","modified_gmt":"2022-10-04T22:48:18","slug":"los-productos-locales-tambien-seran-un-atractivo-del-141o-aniversario-de-necochea","status":"publish","type":"post","link":"https:\/\/primicias2262.com\/noticias\/los-productos-locales-tambien-seran-un-atractivo-del-141o-aniversario-de-necochea\/","title":{"rendered":"Los productos locales tambi\u00e9n ser\u00e1n un atractivo del 141\u00ba Aniversario de Necochea"},"content":{"rendered":"<p><strong>El Mercado estar\u00e1 instalado en la Avenida 58 entre 59 y 61 durante la jornada del s\u00e1bado, organizado por la Secretar\u00eda de Turismo y Desarrollo Productivo. Una decena de elaboradores alimenticios estar\u00e1n comercializando sus creaciones.<\/strong><\/p>\n<div class=\"wp-block-media-text is-stacked-on-mobile is-vertically-aligned-top\">\n<div class=\"wp-block-media-text__content\">\n<p>Como no pod\u00eda ser de otra manera, los productores locales formar\u00e1n parte de los festejos por el 141\u00ba Aniversario de la fundaci\u00f3n de la ciudad de Necochea, que tendr\u00e1n lugar durante todo el fin de semana largo en la Plaza Dardo Rocha con numerosas actividades, espect\u00e1culos de nivel nacional y algunas sorpresas para agasajar a los vecinos que se acerquen hasta el c\u00e9ntrico espacio p\u00fablico a disfrutar del evento.<\/p>\n<p>El Mercado, con todas sus ofertas y calidad habitual, estar\u00e1 apostado en la jornada del s\u00e1bado 8 de octubre sobre la Avenida 58 entre 59 y 51, con un horario de atenci\u00f3n al p\u00fablico que, en principio, ser\u00e1 entre las 10 y las 15.<\/p>\n<p>En esta oportunidad, los horticultores y elaboradores alimenticios que tendr\u00e1n el honor de engalanar la celebraci\u00f3n ser\u00e1n Hecho en casa, Apiturismo Quequ\u00e9n, HolaPoo \u2013 Huevos, Frescura Natural, Creman\u00ed, Cooperativa Mirando al Futuro, Necogreens y Dulcemente.<\/p>\n<\/div>\n<\/div>\n<p>Esta apuesta del Ejecutivo municipal tiene como objetivo promover la comercializaci\u00f3n de productos elaborados a cosechados por manos locales, incentivando y dando impulso a un sector que es generador genuino de mano de obra y una fuente de ingresos para un amplio sector de la poblaci\u00f3n.<\/p>\n","protected":false},"excerpt":{"rendered":"<p>El Mercado estar\u00e1 instalado en la Avenida 58 entre 59 y 61 durante la jornada del s\u00e1bado, organizado por la Secretar\u00eda de Turismo y Desarrollo Productivo. Una decena de elaboradores alimenticios estar\u00e1n comercializando sus creaciones. Como no pod\u00eda ser de otra manera, los productores locales formar\u00e1n parte de los festejos por el 141\u00ba Aniversario de [&hellip;]<\/p>\n","protected":false},"author":3,"featured_media":94068,"comment_status":"closed","ping_status":"closed","sticky":false,"template":"","format":"standard","meta":{"footnotes":""},"categories":[3],"tags":[],"class_list":["post-94067","post","type-post","status-publish","format-standard","has-post-thumbnail","category-masnoticias"],"_links":{"self":[{"href":"https:\/\/primicias2262.com\/noticias\/wp-json\/wp\/v2\/posts\/94067","targetHints":{"allow":["GET"]}}],"collection":[{"href":"https:\/\/primicias2262.com\/noticias\/wp-json\/wp\/v2\/posts"}],"about":[{"href":"https:\/\/primicias2262.com\/noticias\/wp-json\/wp\/v2\/types\/post"}],"author":[{"embeddable":true,"href":"https:\/\/primicias2262.com\/noticias\/wp-json\/wp\/v2\/users\/3"}],"replies":[{"embeddable":true,"href":"https:\/\/primicias2262.com\/noticias\/wp-json\/wp\/v2\/comments?post=94067"}],"version-history":[{"count":0,"href":"https:\/\/primicias2262.com\/noticias\/wp-json\/wp\/v2\/posts\/94067\/revisions"}],"wp:attachment":[{"href":"https:\/\/primicias2262.com\/noticias\/wp-json\/wp\/v2\/media?parent=94067"}],"wp:term":[{"taxonomy":"category","embeddable":true,"href":"https:\/\/primicias2262.com\/noticias\/wp-json\/wp\/v2\/categories?post=94067"},{"taxonomy":"post_tag","embeddable":true,"href":"https:\/\/primicias2262.com\/noticias\/wp-json\/wp\/v2\/tags?post=94067"}],"curies":[{"name":"wp","href":"https:\/\/api.w.org\/{rel}","templated":true}]}}