{"id":94084,"date":"2022-10-05T18:10:51","date_gmt":"2022-10-05T21:10:51","guid":{"rendered":"https:\/\/primicias2262.com\/?p=94084"},"modified":"2022-10-05T18:10:51","modified_gmt":"2022-10-05T21:10:51","slug":"asi-sera-el-dia-a-dia-de-los-festejos-por-el-cumpleanos-de-necochea","status":"publish","type":"post","link":"https:\/\/primicias2262.com\/noticias\/asi-sera-el-dia-a-dia-de-los-festejos-por-el-cumpleanos-de-necochea\/","title":{"rendered":"As\u00ed ser\u00e1 el d\u00eda a d\u00eda de los festejos por el cumplea\u00f1os de Necochea"},"content":{"rendered":"<p><strong>Ayer se terminaron de definir todos los espect\u00e1culos que dar\u00e1n vida a la Plaza Dardo Rocha desde el viernes 7 y hasta el domingo 10 de octubre, divididos en jornadas tem\u00e1ticas y para disfrutar en familia.<\/strong><\/p>\n<p>Despu\u00e9s de tanta espera, las jornadas de festejo preparadas por la Municipalidad para celebrar el 141\u00aa Aniversario de la fundaci\u00f3n de la ciudad de Necochea est\u00e1n a la vuelta de la esquina, y la expectativa en alza.<\/p>\n<p>Con el corte de las calles internas para avanzar en los distintos preparativos log\u00edsticos, y el invalorable trabajo mancomunado entre las distintas \u00e1reas, lo que antes era solo planificaci\u00f3n comienza ahora a plasmarse en la transformaci\u00f3n de la Plaza Dardo Rocha, permitiendo que la imaginaci\u00f3n comience a configurar un evento de esos que son dif\u00edciles de olvidar.<\/p>\n<p>Acompa\u00f1ando esta sensaci\u00f3n de euforia contenida y ansiosa espera, en la tarde de ayer se terminaron de confeccionar los cronogramas con los principales espect\u00e1culos y actividades ya confirmados para el fin de semana extra largo, los que comienzan a definir c\u00f3mo ser\u00e1 la celebraci\u00f3n, que estar\u00e1 dividida entre los escenarios Central y Centenario.<\/p>\n<p>Si bien los n\u00fameros principales, protagonizados por convocantes artistas de nivel nacional, ya hab\u00edan sido anunciados en los anticipos de la celebraci\u00f3n, mediante esta nueva cartelera se pueden conocer la totalidad y complejidad de los shows que regalar\u00e1 esta fiesta, organizados sobre cuatro ejes tem\u00e1ticos, para que pueda disfrutar la familia entera.<\/p>\n<p>En resumen, el viernes 7 de octubre, la jornada inaugural girar\u00e1 en torno a las tradiciones y el folclore. En el escenario principal, ubicado en las puertas de la Municipalidad, se presentar\u00e1n \u201cBeto\u201d Moya, a las 18; Facundo Moreno, a las 19; y Juan Emilio, desde las 20.<\/p>\n<p>Mientras que, en el otro espacio, en la manzana norte de la plaza y mirando hacia la rotonda que vigila la figura del General Mariano Necochea, desde las 14 y hasta que caiga la tarde pasar\u00e1n por las tablas Gustavo Montoya, la Agrupaci\u00f3n Unidos por la Danza \u201cPeric\u00f3n\u201d, Laco, el d\u00fao Dos en Uno, Franco Laterza, H\u00e9ctor Ariel, el d\u00fao Navas, \u201cPaisa\u201d Capurro, Ariel Lage y la Agrupaci\u00f3n Mariano Necochea.<\/p>\n<p><a href=\"https:\/\/primicias2262.com\/wp-content\/uploads\/2022\/10\/Placa-1-1.jpeg\"><img loading=\"lazy\" decoding=\"async\" class=\"aligncenter size-full wp-image-94085\" src=\"https:\/\/primicias2262.com\/wp-content\/uploads\/2022\/10\/Placa-1-1.jpeg\" alt=\"\" width=\"1024\" height=\"1280\" \/><\/a><\/p>\n<p>El s\u00e1bado 8 tendr\u00e1 como eje tem\u00e1tico a las bondades tur\u00edsticas de la ciudad, con muchas sorpresas preparadas para que los vecinos y quienes lleguen a visitarnos puedan llevarse un hermoso recuerdo de este festejo. En el escenario mayor habr\u00e1 espect\u00e1culos de La Bella \u00c9poca, a las 16; Beto Moya, a las 17; Clara S DJ Set, a las 17:45; Borbotones, a las 18; y un cierre de lujo con el grupo Riendas Libres de \u201cPeteco\u201d Carabajal, desde las 19.<\/p>\n<p>Del otro lado de la plaza, el escenario Centenario recibir\u00e1 a Zumba Kids, Julieta Larrea y Sol Scheggia, Mario Blaiotta, Agustina Zanichelli, Germ\u00e1n de la Fuente, Joaco Akst, Nuke, Yshu Maran, Orkos de la Nieva y Mandy Mu\u00f1oz, todo eso desde las 14.<\/p>\n<p>El motivo infantil y un adelanto del Festival ser\u00e1n los puntos destacados del domingo 9, con un espect\u00e1culo preparado por Cultura para abrir el espacio principal a las 16:30, a la espera de la llegada estelar de Panam, que se dar\u00e1 a las 17. M\u00e1s tarde, invitando a los m\u00e1s grandes a acercarse, a las 18 ser\u00e1 el turno de Walter G\u00f3mez y a las 19 de Jarana, espect\u00e1culos que preparar\u00e1n el ambiente para la llegada del vers\u00e1til humorista \u201cFredy\u201d Villarreal.<\/p>\n<p>En el escenario Centenario, mientras tanto, desde las 14 se presentar\u00e1n Atta Larluz, \u201cPetete\u201d, Mauro Sosa, la Agrupaci\u00f3n Folcl\u00f3rica Renacer, Eduardo Finocchio, Ramiro Ventimiglia, Azul C\u00f3rdoba, Ramona King, Roc\u00edo Sinico \u201cKids Dance\u201d y Las Encantadoras.<\/p>\n<p>Para poner punto final a la celebraci\u00f3n, en el feriado del lunes 10 el eje del festejo ser\u00e1 el cumplea\u00f1os de la ciudad propiamente dicho, con el Desfile C\u00edvico, Militar y Tradicionalista alrededor de la plaza a las 11, el corte de la torta (que ser\u00e1n 13 en realidad) a partir de las 16 y una clausura a toda fiesta con la actuaci\u00f3n de uno de los necochenses m\u00e1s reconocido del momento, el m\u00fasico FMK, desde las 19.<\/p>\n<p><strong>El mapa del festejo<\/strong><\/p>\n<p>Acompa\u00f1ando a los cronogramas de espect\u00e1culos, tambi\u00e9n se puso a disposici\u00f3n de la comunidad un mapa en el que se se\u00f1alan los puntos destacados y lugares donde se dar\u00e1n las actividades centrales entre el viernes 7 y el domingo 10 de octubre, en las cuatro manzanas de la Plaza Dardo Rocha.<\/p>\n","protected":false},"excerpt":{"rendered":"<p>Ayer se terminaron de definir todos los espect\u00e1culos que dar\u00e1n vida a la Plaza Dardo Rocha desde el viernes 7 y hasta el domingo 10 de octubre, divididos en jornadas tem\u00e1ticas y para disfrutar en familia. Despu\u00e9s de tanta espera, las jornadas de festejo preparadas por la Municipalidad para celebrar el 141\u00aa Aniversario de la [&hellip;]<\/p>\n","protected":false},"author":3,"featured_media":94086,"comment_status":"closed","ping_status":"closed","sticky":false,"template":"","format":"standard","meta":{"footnotes":""},"categories":[3],"tags":[],"class_list":["post-94084","post","type-post","status-publish","format-standard","has-post-thumbnail","category-masnoticias"],"_links":{"self":[{"href":"https:\/\/primicias2262.com\/noticias\/wp-json\/wp\/v2\/posts\/94084","targetHints":{"allow":["GET"]}}],"collection":[{"href":"https:\/\/primicias2262.com\/noticias\/wp-json\/wp\/v2\/posts"}],"about":[{"href":"https:\/\/primicias2262.com\/noticias\/wp-json\/wp\/v2\/types\/post"}],"author":[{"embeddable":true,"href":"https:\/\/primicias2262.com\/noticias\/wp-json\/wp\/v2\/users\/3"}],"replies":[{"embeddable":true,"href":"https:\/\/primicias2262.com\/noticias\/wp-json\/wp\/v2\/comments?post=94084"}],"version-history":[{"count":0,"href":"https:\/\/primicias2262.com\/noticias\/wp-json\/wp\/v2\/posts\/94084\/revisions"}],"wp:attachment":[{"href":"https:\/\/primicias2262.com\/noticias\/wp-json\/wp\/v2\/media?parent=94084"}],"wp:term":[{"taxonomy":"category","embeddable":true,"href":"https:\/\/primicias2262.com\/noticias\/wp-json\/wp\/v2\/categories?post=94084"},{"taxonomy":"post_tag","embeddable":true,"href":"https:\/\/primicias2262.com\/noticias\/wp-json\/wp\/v2\/tags?post=94084"}],"curies":[{"name":"wp","href":"https:\/\/api.w.org\/{rel}","templated":true}]}}