{"id":94091,"date":"2022-10-05T18:19:03","date_gmt":"2022-10-05T21:19:03","guid":{"rendered":"https:\/\/primicias2262.com\/?p=94091"},"modified":"2022-10-05T18:19:03","modified_gmt":"2022-10-05T21:19:03","slug":"aumento-del-boleto-es-una-situacion-atinente-al-concejo-deliberante-que-debemos-resolver","status":"publish","type":"post","link":"https:\/\/primicias2262.com\/noticias\/aumento-del-boleto-es-una-situacion-atinente-al-concejo-deliberante-que-debemos-resolver\/","title":{"rendered":"Aumento del boleto: \u201cEs una situaci\u00f3n atinente al Concejo Deliberante que debemos resolver\u201d"},"content":{"rendered":"<p>Consciente de lo mucho que se est\u00e1 dilatando el tratamiento y la resoluci\u00f3n del aumento del boleto del transporte p\u00fablico urbano, el presidente del Concejo Deliberante, Guillermo S\u00e1nchez, relat\u00f3 el suceso trunco que se vivi\u00f3 en La Dulce la semana anterior y expres\u00f3 sus expectativas de cara a la sesi\u00f3n de este jueves 6 de octubre.<\/p>\n<p>Primeramente contextualiz\u00f3 sobre la sesi\u00f3n en La Dulce, acerca de tratar el aumento del boleto de los colectivos que \u201cexiste un proyecto de ordenanza del Dr. Maximiliano Delfino que de acuerdo a las circunstancias llevaba el boleto ahora a 100 pesos y en enero a 125&#8243;.<\/p>\n<p>Agreg\u00f3 que \u00abhubo algunas desavenencias dentro de la comisi\u00f3n y despu\u00e9s hubo otra comisi\u00f3n donde se elev\u00f3 el expediente al Ejecutivo, volvi\u00f3 desde all\u00ed, el concejal Delfino lo llev\u00f3 a parlamentaria y lo quiso incorporar sobre tablas. Se arm\u00f3 una peque\u00f1a discusi\u00f3n con tono legislativo y se aprob\u00f3 la admisibilidad sobre tablas, pero no se dio el qu\u00f3rum para el tratamiento\u201d.<\/p>\n<p>El edil explic\u00f3 que \u201cse levantaron la bancada la Uni\u00f3n C\u00edvica Radical, el Frente de Todos y la Agrupaci\u00f3n Comunal Transformadora. Son 10 concejales, y necesit\u00e1s 11 para sesionar, as\u00ed que ni siquiera se trat\u00f3\u201d, tras lo cual se\u00f1al\u00f3 que \u201centiendo que Delfino, como autor de la ordenanza, lo llevar\u00e1 para tratamiento en la sesi\u00f3n que viene que es este jueves, para ver si hay otro proyecto de ordenanza como se dec\u00eda\u201d.<\/p>\n<p>Aclarado todo esto, S\u00e1nchez afirm\u00f3 que \u201ces una situaci\u00f3n atinente al Concejo Deliberante que debemos resolver\u2026 nosotros fijamos el precio del boleto, el Ejecutivo no tiene nada que ver en esto, as\u00ed que si hay alguna otra opini\u00f3n sobre el despacho que presente Delfino habr\u00e1 que discutirla, y sobra las opiniones que haya tomar una decisi\u00f3n este jueves (6 de octubre)\u2026 si es que entra en el orden del d\u00eda, para poder resolverlo\u201d.<\/p>\n<p>Recapitul\u00f3 acto seguido que \u201ces un tema que venimos tratando hace casi dos meses, en agosto fue la audiencia p\u00fablica, ya hab\u00eda habido un tratamiento previo con la empresa y el Ejecutivo, hubo comisiones y un despacho donde se lo llevaba a tratamiento en la sesi\u00f3n y hab\u00eda un acuerdo en el aumento, m\u00e1s all\u00e1 de diferir en el monto. Pero el Dr. Delfino llam\u00f3 a una nueva comisi\u00f3n donde ese despacho quedaba postergado para hacer otro despacho que llevaba el proyecto al Ejecutivo para ver alguna cuesti\u00f3n, y despu\u00e9s vino el suceso de La Dulce\u201d.<\/p>\n<p>Finalmente, tras reconocer que el tema se est\u00e1 dilapidando m\u00e1s de la cuenta, S\u00e1nchez manifest\u00f3 que \u201cnadie quiere un aumento del boleto, pero no hay que ser hip\u00f3critas: la empresa no puede funcionar sin el aumento. El servicio del transporte p\u00fablico tiene que existir y es necesario, y el aumento tiene que existir y es necesario, son situaciones que nadie puede desconocer, como el aumento de los neum\u00e1ticos y del combustible, que tambi\u00e9n influyen\u201d.<\/p>\n","protected":false},"excerpt":{"rendered":"<p>Consciente de lo mucho que se est\u00e1 dilatando el tratamiento y la resoluci\u00f3n del aumento del boleto del transporte p\u00fablico urbano, el presidente del Concejo Deliberante, Guillermo S\u00e1nchez, relat\u00f3 el suceso trunco que se vivi\u00f3 en La Dulce la semana anterior y expres\u00f3 sus expectativas de cara a la sesi\u00f3n de este jueves 6 de [&hellip;]<\/p>\n","protected":false},"author":3,"featured_media":92621,"comment_status":"closed","ping_status":"closed","sticky":false,"template":"","format":"standard","meta":{"footnotes":""},"categories":[3],"tags":[],"class_list":["post-94091","post","type-post","status-publish","format-standard","has-post-thumbnail","category-masnoticias"],"_links":{"self":[{"href":"https:\/\/primicias2262.com\/noticias\/wp-json\/wp\/v2\/posts\/94091","targetHints":{"allow":["GET"]}}],"collection":[{"href":"https:\/\/primicias2262.com\/noticias\/wp-json\/wp\/v2\/posts"}],"about":[{"href":"https:\/\/primicias2262.com\/noticias\/wp-json\/wp\/v2\/types\/post"}],"author":[{"embeddable":true,"href":"https:\/\/primicias2262.com\/noticias\/wp-json\/wp\/v2\/users\/3"}],"replies":[{"embeddable":true,"href":"https:\/\/primicias2262.com\/noticias\/wp-json\/wp\/v2\/comments?post=94091"}],"version-history":[{"count":0,"href":"https:\/\/primicias2262.com\/noticias\/wp-json\/wp\/v2\/posts\/94091\/revisions"}],"wp:attachment":[{"href":"https:\/\/primicias2262.com\/noticias\/wp-json\/wp\/v2\/media?parent=94091"}],"wp:term":[{"taxonomy":"category","embeddable":true,"href":"https:\/\/primicias2262.com\/noticias\/wp-json\/wp\/v2\/categories?post=94091"},{"taxonomy":"post_tag","embeddable":true,"href":"https:\/\/primicias2262.com\/noticias\/wp-json\/wp\/v2\/tags?post=94091"}],"curies":[{"name":"wp","href":"https:\/\/api.w.org\/{rel}","templated":true}]}}