{"id":94096,"date":"2022-10-05T18:26:44","date_gmt":"2022-10-05T21:26:44","guid":{"rendered":"https:\/\/primicias2262.com\/?p=94096"},"modified":"2022-10-05T18:26:44","modified_gmt":"2022-10-05T21:26:44","slug":"preocupacion-por-el-robo-en-la-playa-municipal-de-camiones","status":"publish","type":"post","link":"https:\/\/primicias2262.com\/noticias\/preocupacion-por-el-robo-en-la-playa-municipal-de-camiones\/","title":{"rendered":"Preocupaci\u00f3n por el robo en la Playa Municipal de Camiones"},"content":{"rendered":"<p>El robo de una importante suma de dinero, cometido el lunes \u00faltimo en la playa municipal de estacionamiento de camiones de Quequ\u00e9n, gener\u00f3 la preocupaci\u00f3n de ediles de\u00a0 la Uni\u00f3n C\u00edvica Radical, la Agrupaci\u00f3n Comunal Transformadora y el interbloque Frente de Todos.<\/p>\n<p>As\u00ed lo hicieron saber al mediod\u00eda de este mi\u00e9rcoles, al presentar una resoluci\u00f3n conjunta en la reuni\u00f3n de labor parlamentaria.<\/p>\n<p>All\u00ed hacen referencia al cuantioso robo perpetrado en la playa de camiones (trascendi\u00f3 que la suma rondar\u00eda el mill\u00f3n de pesos).<\/p>\n<p>Tambi\u00e9n manifestaron haber escuchado reclamos de transportistas, efectuados en una reuni\u00f3n de la comisi\u00f3n de trabajo del Concejo Deliberante.<\/p>\n<p>Por lo tanto, la UCR, la ACT y el Frente de Todos impulsaron una convocatoria, con car\u00e1cter de urgencia, a una reuni\u00f3n conjunta de las comisiones de seguridad, pol\u00edtica econ\u00f3mica y finanzas e infraestructura. En tal sentido proponen que se cite a dicha reuni\u00f3n a funcionarios que tienen a cargo cada una de esas \u00e1reas. El objetivo es \u201canalizar las caracter\u00edsticas del hecho delictivo, las medidas tomadas y todo lo concerniente al funcionamiento de la Playa de Camiones de la vecina localidad\u201d.<\/p>\n<p>Desde el radicalismo, Gonzalo Diez afirm\u00f3 que \u201cson cuestiones \u00a0que no se pueden seguir dejando pasar.\u201d.\u00a0 Y fundament\u00f3 el llamado a los funcionarios al haber evaluado que \u201ces momento de \u00a0hacerse cargo de este problema: la inseguridad est\u00e1 desbordada y el intendente paralizado\u201d.<\/p>\n","protected":false},"excerpt":{"rendered":"<p>El robo de una importante suma de dinero, cometido el lunes \u00faltimo en la playa municipal de estacionamiento de camiones de Quequ\u00e9n, gener\u00f3 la preocupaci\u00f3n de ediles de\u00a0 la Uni\u00f3n C\u00edvica Radical, la Agrupaci\u00f3n Comunal Transformadora y el interbloque Frente de Todos. As\u00ed lo hicieron saber al mediod\u00eda de este mi\u00e9rcoles, al presentar una resoluci\u00f3n [&hellip;]<\/p>\n","protected":false},"author":3,"featured_media":94097,"comment_status":"closed","ping_status":"closed","sticky":false,"template":"","format":"standard","meta":{"footnotes":""},"categories":[3],"tags":[],"class_list":["post-94096","post","type-post","status-publish","format-standard","has-post-thumbnail","category-masnoticias"],"_links":{"self":[{"href":"https:\/\/primicias2262.com\/noticias\/wp-json\/wp\/v2\/posts\/94096","targetHints":{"allow":["GET"]}}],"collection":[{"href":"https:\/\/primicias2262.com\/noticias\/wp-json\/wp\/v2\/posts"}],"about":[{"href":"https:\/\/primicias2262.com\/noticias\/wp-json\/wp\/v2\/types\/post"}],"author":[{"embeddable":true,"href":"https:\/\/primicias2262.com\/noticias\/wp-json\/wp\/v2\/users\/3"}],"replies":[{"embeddable":true,"href":"https:\/\/primicias2262.com\/noticias\/wp-json\/wp\/v2\/comments?post=94096"}],"version-history":[{"count":0,"href":"https:\/\/primicias2262.com\/noticias\/wp-json\/wp\/v2\/posts\/94096\/revisions"}],"wp:attachment":[{"href":"https:\/\/primicias2262.com\/noticias\/wp-json\/wp\/v2\/media?parent=94096"}],"wp:term":[{"taxonomy":"category","embeddable":true,"href":"https:\/\/primicias2262.com\/noticias\/wp-json\/wp\/v2\/categories?post=94096"},{"taxonomy":"post_tag","embeddable":true,"href":"https:\/\/primicias2262.com\/noticias\/wp-json\/wp\/v2\/tags?post=94096"}],"curies":[{"name":"wp","href":"https:\/\/api.w.org\/{rel}","templated":true}]}}