{"id":94114,"date":"2022-10-06T16:41:31","date_gmt":"2022-10-06T19:41:31","guid":{"rendered":"https:\/\/primicias2262.com\/?p=94114"},"modified":"2023-06-16T19:42:11","modified_gmt":"2023-06-16T19:42:11","slug":"cobro-vida-la-primera-etapa-de-la-cancha-de-basquetbol-en-villa-del-deportista","status":"publish","type":"post","link":"https:\/\/primicias2262.com\/noticias\/cobro-vida-la-primera-etapa-de-la-cancha-de-basquetbol-en-villa-del-deportista\/","title":{"rendered":"Cobr\u00f3 vida la primera etapa de la cancha de b\u00e1squetbol en Villa del Deportista."},"content":{"rendered":"<p>Juli\u00e1n Arocena, uno de los integrantes del grupo que lleva adelante el proyecto, cont\u00f3 en \u201cVoces de la Ciudad\u201d pormenores de la realizaci\u00f3n vecinal que no solamente hace a lo recreativo, sino tambi\u00e9n a lo educativo, ya que la cancha beneficiar\u00e1 a los alumnos de la Escuela Primaria N\u00ba 47 \u201cAlmafuerte\u201d de Villa Zabala. \u201cLo importante es la participaci\u00f3n ciudadana por fuera de los espacios pol\u00edticos\u201d, manifest\u00f3 Arocena.<\/p>\n<p>A trav\u00e9s de una nota telef\u00f3nica realizada por el periodista Hugo Moller, uno de los integrantes del grupo que lleva adelante el proyecto de la cancha de b\u00e1squet en la Villa del Deportista, Juli\u00e1n Arocena, comenz\u00f3 se\u00f1alando que \u201cel proyecto y la inquietud sali\u00f3 principalmente de vecinos y vecinas del lugar, amantes del b\u00e1squet por supuesto, que despu\u00e9s se fueron comunicando con otras personas como en mi caso, que nos gusta el b\u00e1squet y estamos ligados mayoritariamente por jugar, pero con ganas de aportar en un proyecto as\u00ed\u201d.<\/p>\n<p>Sigui\u00f3 relatando que \u201carrancamos hace dos a\u00f1os con el proyecto, sabiendo que era bastante costoso y que iba a ser un camino largo pero que est\u00e1bamos dispuesto a hacerlo\u201d, por lo cual \u201carrancamos a tener reuniones con el municipio para preguntar sobre la posibilidad de poder realizar esta obra en un espacio p\u00fablico, obtuvimos el okey y arrancamos a trabajar\u201d.<\/p>\n<p>Arocena revel\u00f3 que \u201cprimero nos dimos a conocer como grupo de trabajo pensando en bonos y calcos para empezar a difundir la idea del proyecto, que ten\u00eda un anclaje con el barrio porque ah\u00ed cerca se encuentra la Escuela Almafuerte, la cual no tiene un espacio para realizar actividades de Educaci\u00f3n F\u00edsica, as\u00ed que le ven\u00eda muy bien al barrio por ese lado y desde un inicio articulamos con la escuela en ese sentido para que le sea \u00fatil a los estudiantes y j\u00f3venes, m\u00e1s all\u00e1 de lo recreativo se pens\u00f3 desde lo educativo tambi\u00e9n\u201d.<\/p>\n<p>\u201cAl principio escribimos el proyecto y armamos el mapa de c\u00f3mo se ver\u00eda la cancha, y adem\u00e1s hab\u00eda que averiguar presupuestos de lo que saldr\u00eda y preparar el suelo para el hormigonado es la parte m\u00e1s costosa y lo pudimos lograr\u201d, puntualiz\u00f3.<\/p>\n<p>Aclar\u00f3 al instante que \u201ctuvimos una gran mano del actual secretario de Obras P\u00fablicas, Adri\u00e1n Furno, que en ese momento estaba en el Ente Vial, y nos dio una mano muy grande para la preparaci\u00f3n del suelo y el compactado, algo que lleva tiempo, y una vez que tuvimos eso fue como una carta de presentaci\u00f3n de que el proyecto iba en serio\u201d.<\/p>\n<p>A partir de ah\u00ed, \u201cconseguimos la donaci\u00f3n del hormig\u00f3n por parte de una empresa, qued\u00f3 una superficie muy linda y ya a partir de ah\u00ed empezamos a pensar c\u00f3mo alcanzar los aros\u201d, se\u00f1al\u00f3, para describir a continuaci\u00f3n: \u201cTuvimos que encarar los aros por un lado, y por otro lo que es la columna de base es mucho m\u00e1s artesanal, fuimos a una chacharita y encontramos unos ca\u00f1os que eran de estilo naval, muy grandes y bien resistentes, los llevamos a una herrer\u00eda para hacer los cortes y que tuvieran la forma para soportar un aro de b\u00e1squet, y despu\u00e9s arenarlo y pintarlo\u00bb.<\/p>\n<p>\u00abCada uno de esos pasos era mover estructuras gigantes que implicaban mucha log\u00edstica, y ah\u00ed m\u00e1s que dinero fue coordinar piezas y qui\u00e9nes del grupo est\u00e1bamos para llevarlas de un lado a otro\u201d, explic\u00f3 Arocena.<\/p>\n<p>\u201cEso fue haciendo que corriera el tiempo y que transcurriera del inicio del proyecto hasta el d\u00eda de hoy dos a\u00f1os, pero viendo la imagen de la cancha c\u00f3mo qued\u00f3 y prob\u00e1ndola estamos muy contentos, se dio un gran paso y desde lo log\u00edstico fue mucho trabajo\u201d.<\/p>\n<p>En la cancha ya se puede jugar porque est\u00e1 el piso y se colocaron los aros, pero en cuanto a objetivos en el corto plazo, Arocena revel\u00f3 que \u201cahora nos queda seguir trabajando por pintar la cancha porque todav\u00eda no tiene las l\u00edneas ni el espacio delimitado, y vamos tambi\u00e9n por la iluminaci\u00f3n, para lo que ya estuvimos hablando con algunas personas que quieren colaborar y tenemos alg\u00fan dinero que nos qued\u00f3 de los bonos para encararlo, y adem\u00e1s nos quedan los denominados aros chicos para ni\u00f1os y ni\u00f1as hasta 12 a\u00f1os que no llegan al aro alto, m\u00e1s que nada pensando en los chicos de la escuela Almafuerte, para que a m\u00e1s tardar el a\u00f1o que viene ya tengan para empezar la actividad\u201d.<\/p>\n<p>\u201cQuien quiera contactarse para comprar alg\u00fan bono o ponerse en contacto para ver si puede colaborar de alguna forma y quiere conocer m\u00e1s del proyecto, puede encontrarnos en redes sociales como La cancha de la Villa, donde vamos subiendo im\u00e1genes y novedades del proyecto\u201d, inform\u00f3 Arocena, quien finalmente reflexion\u00f3 que \u201cla voluntad de varias personas que se juntan para un inter\u00e9s com\u00fan es sumamente importante y ojala sirva de inspiraci\u00f3n para que en otros lugares se armen canchas de b\u00e1squet, de v\u00f3ley, f\u00fatbol o lo que sea, pero lo importante es la participaci\u00f3n ciudadana por fuera de los espacios pol\u00edticos\u201d.<\/p>\n","protected":false},"excerpt":{"rendered":"<p>Juli\u00e1n Arocena, uno de los integrantes del grupo que lleva adelante el proyecto, cont\u00f3 en \u201cVoces de la Ciudad\u201d pormenores de la realizaci\u00f3n vecinal que no solamente hace a lo recreativo, sino tambi\u00e9n a lo educativo, ya que la cancha beneficiar\u00e1 a los alumnos de la Escuela Primaria N\u00ba 47 \u201cAlmafuerte\u201d de Villa Zabala. \u201cLo [&hellip;]<\/p>\n","protected":false},"author":3,"featured_media":100232,"comment_status":"closed","ping_status":"closed","sticky":false,"template":"","format":"standard","meta":{"footnotes":""},"categories":[6],"tags":[],"class_list":{"0":"post-94114","1":"post","2":"type-post","3":"status-publish","4":"format-standard","5":"has-post-thumbnail","7":"category-portada2"},"_links":{"self":[{"href":"https:\/\/primicias2262.com\/noticias\/wp-json\/wp\/v2\/posts\/94114","targetHints":{"allow":["GET"]}}],"collection":[{"href":"https:\/\/primicias2262.com\/noticias\/wp-json\/wp\/v2\/posts"}],"about":[{"href":"https:\/\/primicias2262.com\/noticias\/wp-json\/wp\/v2\/types\/post"}],"author":[{"embeddable":true,"href":"https:\/\/primicias2262.com\/noticias\/wp-json\/wp\/v2\/users\/3"}],"replies":[{"embeddable":true,"href":"https:\/\/primicias2262.com\/noticias\/wp-json\/wp\/v2\/comments?post=94114"}],"version-history":[{"count":1,"href":"https:\/\/primicias2262.com\/noticias\/wp-json\/wp\/v2\/posts\/94114\/revisions"}],"predecessor-version":[{"id":100244,"href":"https:\/\/primicias2262.com\/noticias\/wp-json\/wp\/v2\/posts\/94114\/revisions\/100244"}],"wp:featuredmedia":[{"embeddable":true,"href":"https:\/\/primicias2262.com\/noticias\/wp-json\/wp\/v2\/media\/100232"}],"wp:attachment":[{"href":"https:\/\/primicias2262.com\/noticias\/wp-json\/wp\/v2\/media?parent=94114"}],"wp:term":[{"taxonomy":"category","embeddable":true,"href":"https:\/\/primicias2262.com\/noticias\/wp-json\/wp\/v2\/categories?post=94114"},{"taxonomy":"post_tag","embeddable":true,"href":"https:\/\/primicias2262.com\/noticias\/wp-json\/wp\/v2\/tags?post=94114"}],"curies":[{"name":"wp","href":"https:\/\/api.w.org\/{rel}","templated":true}]}}