{"id":94117,"date":"2022-10-06T17:40:01","date_gmt":"2022-10-06T20:40:01","guid":{"rendered":"https:\/\/primicias2262.com\/?p=94117"},"modified":"2022-10-06T17:40:01","modified_gmt":"2022-10-06T20:40:01","slug":"concurrida-presentacion-del-proyecto-el-alimento-oculto-de-la-ciudad","status":"publish","type":"post","link":"https:\/\/primicias2262.com\/noticias\/concurrida-presentacion-del-proyecto-el-alimento-oculto-de-la-ciudad\/","title":{"rendered":"Concurrida presentaci\u00f3n del proyecto \u201cEl alimento oculto de la ciudad\u201d"},"content":{"rendered":"<p><strong>La jornada en el parque cont\u00f3 con una importante afluencia de vecinos y la charla estuvo a cargo de la Lic. Valeria Elichiry, quien es investigadora del \u00c1rea de Arqueolog\u00eda y Antropolog\u00eda, dependiente del \u00c1rea municipal de Museos.<\/strong><\/p>\n<p>Con una importante concurrencia de vecinos en el Parque Miguel Lillo, se llev\u00f3 a cabo la presentaci\u00f3n del cuadernillo \u201cEl alimento oculto de la ciudad\u201d, que incluy\u00f3 una caminata de reconocimiento de especies de plantas nativas alimenticias, bajo la gu\u00eda y charla de la Lic. Valeria Elichiry.<\/p>\n<p>Quien es investigadora del \u00c1rea de Arqueolog\u00eda y Antropolog\u00eda, dependiente del \u00c1rea de Museos de la Municipalidad, explic\u00f3 que \u201cen esta instancia el proyecto se trata de un cuadernillo con plantas nativas de Argentina, identificadas en espacios p\u00fablicos de la ciudad\u201d.<\/p>\n<p>El material \u201cre\u00fane informaci\u00f3n arqueol\u00f3gica, etnobot\u00e1nica, datos de cu\u00e1ndo y c\u00f3mo colectarlas y en d\u00f3nde se encuentran localizadas en la ciudad\u201d, puntualiz\u00f3, para acotar que \u201ces un proyecto en permanente construcci\u00f3n, la intenci\u00f3n es establecer v\u00ednculos con otras personas y seguir construyendo colectivamente estos conocimientos bioculturales\u201d.<\/p>\n<p>Por ello, Elichiry se\u00f1al\u00f3 tras la jornada que el cuadernillo en su versi\u00f3n digital queda a disposici\u00f3n de manera gratuita de cualquier persona que lo solicite. Para ello, los vecinos pueden comunicarse con la licenciada en sus redes; a las redes de \u00c1rea de Museos Necochea o al mail elalimentoocultodelaciudad@gmail.com.<\/p>\n<p>A ese mismo mail se puede solicitar bibliograf\u00eda de inter\u00e9s, realizar consultas o proponer nuevas especies nativas alimenticias, al tiempo que Elichiry record\u00f3 que un ejemplar f\u00edsico va a quedar fijo en el Museo de Ciencias Naturales del Parque Miguel Lillo.<\/p>\n<p>La licenciada finalmente agradeci\u00f3 al \u00c1rea municipal de Museos y su responsable, Agueda Caro Petersen; al \u00c1rea de Arqueolog\u00eda y Antropolog\u00eda y al Conicet CCT Mar del Plata; y manifest\u00f3 que \u201cla b\u00fasqueda es que sigamos construyendo esos conocimientos bioculturales en red; que activemos colectivamente la memoria de nuestro territorio y que valoremos lo com\u00fan y sus historias. Cualquier persona puede consultar el cuadernillo en el Museo y escribir sobre los usos que le dan a las plantas mencionadas\u201d.<\/p>\n<p>Por su parte, el Galp\u00f3n Biocultural \u00abOrigen y Refugio\u00bb, es un proyecto de recuperaci\u00f3n entre el \u00c1rea de Museos del Municipio de Necochea, Drupa Casta\u00f1a, Asociaci\u00f3n Civil del \u00c1rea de Museos, Asociaci\u00f3n Amigos del Museo y Archivo Hist\u00f3rico, Bosque y Comunidad y Ruda-Galer\u00eda de Arte Contempor\u00e1neo.<\/p>\n<p>&nbsp;<\/p>\n","protected":false},"excerpt":{"rendered":"<p>La jornada en el parque cont\u00f3 con una importante afluencia de vecinos y la charla estuvo a cargo de la Lic. Valeria Elichiry, quien es investigadora del \u00c1rea de Arqueolog\u00eda y Antropolog\u00eda, dependiente del \u00c1rea municipal de Museos. Con una importante concurrencia de vecinos en el Parque Miguel Lillo, se llev\u00f3 a cabo la presentaci\u00f3n [&hellip;]<\/p>\n","protected":false},"author":3,"featured_media":94118,"comment_status":"closed","ping_status":"closed","sticky":false,"template":"","format":"standard","meta":{"footnotes":""},"categories":[3],"tags":[],"class_list":["post-94117","post","type-post","status-publish","format-standard","has-post-thumbnail","category-masnoticias"],"_links":{"self":[{"href":"https:\/\/primicias2262.com\/noticias\/wp-json\/wp\/v2\/posts\/94117","targetHints":{"allow":["GET"]}}],"collection":[{"href":"https:\/\/primicias2262.com\/noticias\/wp-json\/wp\/v2\/posts"}],"about":[{"href":"https:\/\/primicias2262.com\/noticias\/wp-json\/wp\/v2\/types\/post"}],"author":[{"embeddable":true,"href":"https:\/\/primicias2262.com\/noticias\/wp-json\/wp\/v2\/users\/3"}],"replies":[{"embeddable":true,"href":"https:\/\/primicias2262.com\/noticias\/wp-json\/wp\/v2\/comments?post=94117"}],"version-history":[{"count":0,"href":"https:\/\/primicias2262.com\/noticias\/wp-json\/wp\/v2\/posts\/94117\/revisions"}],"wp:attachment":[{"href":"https:\/\/primicias2262.com\/noticias\/wp-json\/wp\/v2\/media?parent=94117"}],"wp:term":[{"taxonomy":"category","embeddable":true,"href":"https:\/\/primicias2262.com\/noticias\/wp-json\/wp\/v2\/categories?post=94117"},{"taxonomy":"post_tag","embeddable":true,"href":"https:\/\/primicias2262.com\/noticias\/wp-json\/wp\/v2\/tags?post=94117"}],"curies":[{"name":"wp","href":"https:\/\/api.w.org\/{rel}","templated":true}]}}