{"id":94120,"date":"2022-10-06T17:50:03","date_gmt":"2022-10-06T20:50:03","guid":{"rendered":"https:\/\/primicias2262.com\/?p=94120"},"modified":"2022-10-06T17:50:03","modified_gmt":"2022-10-06T20:50:03","slug":"la-escuela-primaria-n-6-puso-en-marcha-la-jornada-completa","status":"publish","type":"post","link":"https:\/\/primicias2262.com\/noticias\/la-escuela-primaria-n-6-puso-en-marcha-la-jornada-completa\/","title":{"rendered":"La Escuela Primaria N\u00b0 6 puso en marcha la jornada completa"},"content":{"rendered":"<div class=\"xdj266r x11i5rnm xat24cr x1mh8g0r x1vvkbs x126k92a\">\n<p dir=\"auto\">La Escuela Primaria Nro 6 inaugur\u00f3 este mi\u00e9rcoles su nueva propuesta: la jornada completa ya es un hecho.<\/p>\n<\/div>\n<div dir=\"auto\">Seg\u00fan inform\u00f3 la Jefatura Regi\u00f3n 20 de Gesti\u00f3n Estatal \u00abUn sue\u00f1o construido durante a\u00f1os hoy se hace realidad, con m\u00e1s horas para ense\u00f1ar, para aprender, para compartir, para cuidar, para seguir creciendo de la mano de una comunidad que la sigue abrazando y que seguramente se har\u00e1 m\u00e1s y m\u00e1s grande, orgullosxs de ser parte de una Escuela de puertas abiertas.<\/div>\n<div class=\"x11i5rnm xat24cr x1mh8g0r x1vvkbs xtlvy1s x126k92a\">\n<p dir=\"auto\">All\u00ed estuvieron sus protagonistas: los ni\u00f1os, sus familias, sus maestrxs y auxiliares, celebrando el inicio de una nueva e hist\u00f3rica etapa.<\/p>\n<\/div>\n","protected":false},"excerpt":{"rendered":"<p>La Escuela Primaria Nro 6 inaugur\u00f3 este mi\u00e9rcoles su nueva propuesta: la jornada completa ya es un hecho. Seg\u00fan inform\u00f3 la Jefatura Regi\u00f3n 20 de Gesti\u00f3n Estatal \u00abUn sue\u00f1o construido durante a\u00f1os hoy se hace realidad, con m\u00e1s horas para ense\u00f1ar, para aprender, para compartir, para cuidar, para seguir creciendo de la mano de una [&hellip;]<\/p>\n","protected":false},"author":3,"featured_media":94121,"comment_status":"closed","ping_status":"closed","sticky":false,"template":"","format":"standard","meta":{"footnotes":""},"categories":[3],"tags":[],"class_list":["post-94120","post","type-post","status-publish","format-standard","has-post-thumbnail","category-masnoticias"],"_links":{"self":[{"href":"https:\/\/primicias2262.com\/noticias\/wp-json\/wp\/v2\/posts\/94120","targetHints":{"allow":["GET"]}}],"collection":[{"href":"https:\/\/primicias2262.com\/noticias\/wp-json\/wp\/v2\/posts"}],"about":[{"href":"https:\/\/primicias2262.com\/noticias\/wp-json\/wp\/v2\/types\/post"}],"author":[{"embeddable":true,"href":"https:\/\/primicias2262.com\/noticias\/wp-json\/wp\/v2\/users\/3"}],"replies":[{"embeddable":true,"href":"https:\/\/primicias2262.com\/noticias\/wp-json\/wp\/v2\/comments?post=94120"}],"version-history":[{"count":0,"href":"https:\/\/primicias2262.com\/noticias\/wp-json\/wp\/v2\/posts\/94120\/revisions"}],"wp:attachment":[{"href":"https:\/\/primicias2262.com\/noticias\/wp-json\/wp\/v2\/media?parent=94120"}],"wp:term":[{"taxonomy":"category","embeddable":true,"href":"https:\/\/primicias2262.com\/noticias\/wp-json\/wp\/v2\/categories?post=94120"},{"taxonomy":"post_tag","embeddable":true,"href":"https:\/\/primicias2262.com\/noticias\/wp-json\/wp\/v2\/tags?post=94120"}],"curies":[{"name":"wp","href":"https:\/\/api.w.org\/{rel}","templated":true}]}}