{"id":94136,"date":"2022-10-07T13:59:48","date_gmt":"2022-10-07T16:59:48","guid":{"rendered":"https:\/\/primicias2262.com\/?p=94136"},"modified":"2022-10-07T13:59:48","modified_gmt":"2022-10-07T16:59:48","slug":"peteco-siempre-intento-hacer-cosas-con-la-familia-y-ahora-con-la-camada-mas-joven","status":"publish","type":"post","link":"https:\/\/primicias2262.com\/noticias\/peteco-siempre-intento-hacer-cosas-con-la-familia-y-ahora-con-la-camada-mas-joven\/","title":{"rendered":"\u201cPeteco siempre intent\u00f3 hacer cosas con la familia y ahora con la camada m\u00e1s joven\u201d"},"content":{"rendered":"<p>As\u00ed lo destac\u00f3 el locutor local, Sergio Melgarejo, quien se desenvuelve en el \u00e1mbito folcl\u00f3rico desde varios a\u00f1os y mantiene una c\u00e1lida relaci\u00f3n con la familia Carabajal. En \u201cVoces de la Ciudad\u201d habl\u00f3 en detalles sobre \u00abPeteco\u00bb Carabajal, quien este s\u00e1bado se presentar\u00e1 en Necochea por el 141\u00ba Aniversario de la ciudad, pero ya no como solista, sino con su proyecto de \u201cRiendas Libres\u201d, que lleva adelante junto a su hijo Homero, su hijastra Martina Ulrich y su sobrino Ricky Chazarreta Carabajal.<\/p>\n<p>En di\u00e1logo telef\u00f3nico con el periodista Hugo Moller, Melgarejo sostuvo que \u201cPeteco se presentar\u00e1 el s\u00e1bado y viene con una propuesta que arm\u00f3 en familia, siempre ha intentado hacer cosas con la familia y en este caso con la camada m\u00e1s joven, con el hijo, Homero, y el sobrino, y con Martina Ulrich, est\u00e1n llevando por todo el pa\u00eds el proyecto de Riendas Libres, con la esencia l\u00f3gica santiague\u00f1a que trae Peteco en sus venas\u201d.<\/p>\n<p>Al recordar que la \u00faltima vez que estuvo Peteco en Necochea fue durante una presentaci\u00f3n de Cablevisi\u00f3n en el Cine Teatro Par\u00eds, el locutor necochense referenci\u00f3 que \u201cRiendas Libres se caracteriza por la impronta autoral de \u00abPeteco\u00bb pero tambi\u00e9n d\u00e1ndole mucho lugar a su hijo, a Homero Carabajal, y a Martina su hijastra. Han formado esta historia muy especial que va por todo el pa\u00eds y que tiene el sello autoral y mel\u00f3dico de Peteco, pero con Homero y Martina que han comenzado a generar autor\u00eda y la frescura de los j\u00f3venes compositores, pero con el sello de la familia Carabajal\u201d.<\/p>\n<p>Sabido es del lazo que une a Melgarejo con buena parte de la numerosa familia Carabajal, de hecho, destac\u00f3 que \u201ca Homero lo conozco desde la panza de la madre, de muy chiquito andaba en la pe\u00f1a de Cosqu\u00edn haciendo los primeros toques del bombo, andaba con su padre Peteco. Hizo teatro y se fue sumando de apoco a la historia de su padre\u201d.<\/p>\n<p>Agreg\u00f3 que \u201ccon Peteco hemos estado charlando estos d\u00edas, y nos preguntaba c\u00f3mo es la movida del evento y ser\u00e1 un gusto que est\u00e9 en la ciudad, ya que es un artista muy importante para el pa\u00eds, no nos olvidemos que ha andado por el mundo entero con Le\u00f3n Gieco, con Mercedes Sosa o con V\u00edctor Heredia\u201d, agreg\u00f3.<\/p>\n<p>Finalmente, en su trabajo de locuci\u00f3n en el 141\u00ba Aniversario de Necochea, Melgarejo palpit\u00f3 que \u201cvamos a estar con Federico Ca\u00f1ada el primer d\u00eda, aunque a m\u00ed me toca estar todos los d\u00edas, y para el desfile del lunes nos acompa\u00f1ar\u00e1 el payador balcarce\u00f1o Cristian M\u00e9ndez\u00bb.<\/p>\n<p>\u00abEn tanto, viernes y s\u00e1bado tendremos al humorista cordob\u00e9s Beto Moya, que actualmente vive en Mar del Plata, y el viernes (jornada tem\u00e1tica de folclore) ser\u00e1 con todos artistas locales, con la participaci\u00f3n especial de Facundo Lorenzo y Juan Emilio Mastrolorenzo, con invitados especiales y bailarines de distintas agrupaciones locales\u201d, a\u00f1adi\u00f3.<\/p>\n","protected":false},"excerpt":{"rendered":"<p>As\u00ed lo destac\u00f3 el locutor local, Sergio Melgarejo, quien se desenvuelve en el \u00e1mbito folcl\u00f3rico desde varios a\u00f1os y mantiene una c\u00e1lida relaci\u00f3n con la familia Carabajal. En \u201cVoces de la Ciudad\u201d habl\u00f3 en detalles sobre \u00abPeteco\u00bb Carabajal, quien este s\u00e1bado se presentar\u00e1 en Necochea por el 141\u00ba Aniversario de la ciudad, pero ya no [&hellip;]<\/p>\n","protected":false},"author":3,"featured_media":94138,"comment_status":"closed","ping_status":"closed","sticky":false,"template":"","format":"standard","meta":{"footnotes":""},"categories":[3],"tags":[],"class_list":["post-94136","post","type-post","status-publish","format-standard","has-post-thumbnail","category-masnoticias"],"_links":{"self":[{"href":"https:\/\/primicias2262.com\/noticias\/wp-json\/wp\/v2\/posts\/94136","targetHints":{"allow":["GET"]}}],"collection":[{"href":"https:\/\/primicias2262.com\/noticias\/wp-json\/wp\/v2\/posts"}],"about":[{"href":"https:\/\/primicias2262.com\/noticias\/wp-json\/wp\/v2\/types\/post"}],"author":[{"embeddable":true,"href":"https:\/\/primicias2262.com\/noticias\/wp-json\/wp\/v2\/users\/3"}],"replies":[{"embeddable":true,"href":"https:\/\/primicias2262.com\/noticias\/wp-json\/wp\/v2\/comments?post=94136"}],"version-history":[{"count":0,"href":"https:\/\/primicias2262.com\/noticias\/wp-json\/wp\/v2\/posts\/94136\/revisions"}],"wp:attachment":[{"href":"https:\/\/primicias2262.com\/noticias\/wp-json\/wp\/v2\/media?parent=94136"}],"wp:term":[{"taxonomy":"category","embeddable":true,"href":"https:\/\/primicias2262.com\/noticias\/wp-json\/wp\/v2\/categories?post=94136"},{"taxonomy":"post_tag","embeddable":true,"href":"https:\/\/primicias2262.com\/noticias\/wp-json\/wp\/v2\/tags?post=94136"}],"curies":[{"name":"wp","href":"https:\/\/api.w.org\/{rel}","templated":true}]}}