{"id":94140,"date":"2022-10-07T17:36:14","date_gmt":"2022-10-07T20:36:14","guid":{"rendered":"https:\/\/primicias2262.com\/?p=94140"},"modified":"2022-10-07T17:36:14","modified_gmt":"2022-10-07T20:36:14","slug":"el-sub-15-de-necochea-avanzo-a-una-nueva-instancia-del-torneo-nacional-de-futbol","status":"publish","type":"post","link":"https:\/\/primicias2262.com\/noticias\/el-sub-15-de-necochea-avanzo-a-una-nueva-instancia-del-torneo-nacional-de-futbol\/","title":{"rendered":"El Sub 15 de Necochea avanz\u00f3 a una nueva instancia del Torneo Nacional de F\u00fatbol"},"content":{"rendered":"<p>La selecci\u00f3n Sub 15 de Necochea avanz\u00f3 a una nueva instancia del Torneo Nacional de Selecciones de Ligas luego de golear a Miramar por 4 a 0, en el marco de la quinta fecha de la zona 3 de la Regi\u00f3n Pampeana Sur.<\/p>\n<p>El encuentro se disput\u00f3 en el estadio \u00abFernando Torres\u00bb, ubicado en la Ruta 11 y Paseo Luciano Olivera, y los goles fueron se\u00f1alados por Dylan Guti\u00e9rrez en dos ocasiones, Luciano Far\u00edas de penal y Jeremias Castro.<\/p>\n<p>El conjunto necochense form\u00f3 con Federico Rubio en el arco; Santino Coronel, Luciano Farias, Agustin L\u00f3pez y Jose Luis Gamallo en la defensa; Dylan Guti\u00e9rrez, Santiago P\u00e9rez, Thiago Benav\u00eddez y Segundo Navarro en el medio; y Nazareno Nemi y Juan Arango, en el ataque.<\/p>\n<p>Luego ingresaron Santiago Castillo, Aytor Villarreal, Ezequiel Buffa, Benjamin Ledesma y Jeremias Castro.<\/p>\n<p>En la \u00faltima fecha del grupo que lidera Necochea con 9 unidades, el representativo de nuestra ciudad recibir\u00e1 a Tres Arroyos.<\/p>\n<p><strong>FOTO: El Deportivo \u00abJuan Alberto Poteca\u00bb<\/strong><\/p>\n","protected":false},"excerpt":{"rendered":"<p>La selecci\u00f3n Sub 15 de Necochea avanz\u00f3 a una nueva instancia del Torneo Nacional de Selecciones de Ligas luego de golear a Miramar por 4 a 0, en el marco de la quinta fecha de la zona 3 de la Regi\u00f3n Pampeana Sur. El encuentro se disput\u00f3 en el estadio \u00abFernando Torres\u00bb, ubicado en la [&hellip;]<\/p>\n","protected":false},"author":3,"featured_media":94141,"comment_status":"closed","ping_status":"closed","sticky":false,"template":"","format":"standard","meta":{"footnotes":""},"categories":[3],"tags":[],"class_list":["post-94140","post","type-post","status-publish","format-standard","has-post-thumbnail","category-masnoticias"],"_links":{"self":[{"href":"https:\/\/primicias2262.com\/noticias\/wp-json\/wp\/v2\/posts\/94140","targetHints":{"allow":["GET"]}}],"collection":[{"href":"https:\/\/primicias2262.com\/noticias\/wp-json\/wp\/v2\/posts"}],"about":[{"href":"https:\/\/primicias2262.com\/noticias\/wp-json\/wp\/v2\/types\/post"}],"author":[{"embeddable":true,"href":"https:\/\/primicias2262.com\/noticias\/wp-json\/wp\/v2\/users\/3"}],"replies":[{"embeddable":true,"href":"https:\/\/primicias2262.com\/noticias\/wp-json\/wp\/v2\/comments?post=94140"}],"version-history":[{"count":0,"href":"https:\/\/primicias2262.com\/noticias\/wp-json\/wp\/v2\/posts\/94140\/revisions"}],"wp:attachment":[{"href":"https:\/\/primicias2262.com\/noticias\/wp-json\/wp\/v2\/media?parent=94140"}],"wp:term":[{"taxonomy":"category","embeddable":true,"href":"https:\/\/primicias2262.com\/noticias\/wp-json\/wp\/v2\/categories?post=94140"},{"taxonomy":"post_tag","embeddable":true,"href":"https:\/\/primicias2262.com\/noticias\/wp-json\/wp\/v2\/tags?post=94140"}],"curies":[{"name":"wp","href":"https:\/\/api.w.org\/{rel}","templated":true}]}}