{"id":94149,"date":"2022-10-07T20:02:35","date_gmt":"2022-10-07T23:02:35","guid":{"rendered":"https:\/\/primicias2262.com\/?p=94149"},"modified":"2022-10-07T20:02:35","modified_gmt":"2022-10-07T23:02:35","slug":"con-artistas-locales-y-al-ritmo-del-folclore-arrancaron-los-festejos-de-cumpleanos","status":"publish","type":"post","link":"https:\/\/primicias2262.com\/noticias\/con-artistas-locales-y-al-ritmo-del-folclore-arrancaron-los-festejos-de-cumpleanos\/","title":{"rendered":"Con artistas locales y al ritmo del folclore arrancaron los festejos de cumplea\u00f1os"},"content":{"rendered":"<p>Con la plaza central a pleno se pusieron en marcha los festejos por el 141\u00ba Aniversario de Necochea, en el marco de esta jornada que es la primera de las cuatro que el Ejecutivo organiz\u00f3 para la celebraci\u00f3n.<\/p>\n<p>Con el folclore como eje, este viernes la actividad comenz\u00f3 alrededor de las 14, con la presencia en el Escenario Centenario de artistas locales, como es el caso de Gustavo Montoya, Agrupaci\u00f3n Unidos por la Danza \u201cPeric\u00f3n\u201d, Laco, D\u00fao Dos en Uno, Franco Laterza, H\u00e9ctor Ariel, D\u00fao Navas, Paisa Capurro, Ariel Lage y la Agrupaci\u00f3n Mariano Necochea.<\/p>\n<p><a href=\"https:\/\/primicias2262.com\/wp-content\/uploads\/2022\/10\/Festejos.jpg\"><img loading=\"lazy\" decoding=\"async\" class=\"aligncenter size-full wp-image-94151\" src=\"https:\/\/primicias2262.com\/wp-content\/uploads\/2022\/10\/Festejos.jpg\" alt=\"\" width=\"1280\" height=\"853\" \/><\/a><\/p>\n<p>En este marco, los vecinos y turistas ya est\u00e1n respaldando el evento organizado desde la comuna con su presencia al pie del escenario, al tiempo que tambi\u00e9n se deleitan con los puestos gastron\u00f3micos o los mas peque\u00f1os en los inflables o los talleres de pintura.<\/p>\n<p><a href=\"https:\/\/primicias2262.com\/wp-content\/uploads\/2022\/10\/Placa-sabado.jpeg\"><img loading=\"lazy\" decoding=\"async\" class=\"aligncenter size-full wp-image-94152\" src=\"https:\/\/primicias2262.com\/wp-content\/uploads\/2022\/10\/Placa-sabado.jpeg\" alt=\"\" width=\"1024\" height=\"1280\" \/><\/a><\/p>\n<p>&nbsp;<\/p>\n","protected":false},"excerpt":{"rendered":"<p>Con la plaza central a pleno se pusieron en marcha los festejos por el 141\u00ba Aniversario de Necochea, en el marco de esta jornada que es la primera de las cuatro que el Ejecutivo organiz\u00f3 para la celebraci\u00f3n. Con el folclore como eje, este viernes la actividad comenz\u00f3 alrededor de las 14, con la presencia [&hellip;]<\/p>\n","protected":false},"author":3,"featured_media":94150,"comment_status":"closed","ping_status":"closed","sticky":false,"template":"","format":"standard","meta":{"footnotes":""},"categories":[3],"tags":[],"class_list":["post-94149","post","type-post","status-publish","format-standard","has-post-thumbnail","category-masnoticias"],"_links":{"self":[{"href":"https:\/\/primicias2262.com\/noticias\/wp-json\/wp\/v2\/posts\/94149","targetHints":{"allow":["GET"]}}],"collection":[{"href":"https:\/\/primicias2262.com\/noticias\/wp-json\/wp\/v2\/posts"}],"about":[{"href":"https:\/\/primicias2262.com\/noticias\/wp-json\/wp\/v2\/types\/post"}],"author":[{"embeddable":true,"href":"https:\/\/primicias2262.com\/noticias\/wp-json\/wp\/v2\/users\/3"}],"replies":[{"embeddable":true,"href":"https:\/\/primicias2262.com\/noticias\/wp-json\/wp\/v2\/comments?post=94149"}],"version-history":[{"count":0,"href":"https:\/\/primicias2262.com\/noticias\/wp-json\/wp\/v2\/posts\/94149\/revisions"}],"wp:attachment":[{"href":"https:\/\/primicias2262.com\/noticias\/wp-json\/wp\/v2\/media?parent=94149"}],"wp:term":[{"taxonomy":"category","embeddable":true,"href":"https:\/\/primicias2262.com\/noticias\/wp-json\/wp\/v2\/categories?post=94149"},{"taxonomy":"post_tag","embeddable":true,"href":"https:\/\/primicias2262.com\/noticias\/wp-json\/wp\/v2\/tags?post=94149"}],"curies":[{"name":"wp","href":"https:\/\/api.w.org\/{rel}","templated":true}]}}