{"id":94154,"date":"2022-10-08T15:57:47","date_gmt":"2022-10-08T18:57:47","guid":{"rendered":"https:\/\/primicias2262.com\/?p=94154"},"modified":"2022-10-08T15:57:47","modified_gmt":"2022-10-08T18:57:47","slug":"sanchez-jauregui-nuestro-compromiso-con-las-y-los-trabajadores-rurales-es-promover-proyectos-que-incluyan-al-sector","status":"publish","type":"post","link":"https:\/\/primicias2262.com\/noticias\/sanchez-jauregui-nuestro-compromiso-con-las-y-los-trabajadores-rurales-es-promover-proyectos-que-incluyan-al-sector\/","title":{"rendered":"S\u00e1nchez J\u00e1uregui: \u201cNuestro compromiso con las y los trabajadores rurales es promover proyectos que incluyan al sector\u00bb"},"content":{"rendered":"<p>El D\u00eda del Trabajador Rural se celebra cada 8 de octubre en conmemoraci\u00f3n de la sanci\u00f3n del primer Estatuto del Pe\u00f3n de Campo, impulsado por el secretario de Trabajo y Previsi\u00f3n, el entonces coronel Juan Domingo Per\u00f3n.<\/p>\n<p>El estatuto represent\u00f3 un gran avance para la \u00e9poca, \u201cy es una fecha muy arraigada a la historia del Peronismo, ya que tambi\u00e9n es la fecha de nacimiento de Per\u00f3n, se\u00f1al\u00f3 la diputada provincial, Natalia S\u00e1nchez Jauregui, referente de UATRE.<\/p>\n<p>En este sentido, indic\u00f3 que el estatuto \u201cestablec\u00eda medidas en defensa del salario del pe\u00f3n y la estabilidad del trabajador, salarios m\u00ednimos, descansos obligatorios, vacaciones remuneradas, espacios de trabajo en condiciones de higiene, ropa de trabajo, entre algunas de los derechos adquiridos en esta \u00e9poca\u201d; y a\u00f1adi\u00f3 que \u201cesta reglamentaci\u00f3n tiene su historia, ya que en gobiernos militares fue derogado y reci\u00e9n en el a\u00f1o 2011 se sancion\u00f3 la ley\u201d.<\/p>\n<p>Actualmente, m\u00e1s del 50 por ciento de las y los trabajadores rurales tienen empleo informal y el escenario es distinto en cada regi\u00f3n o en la actividad que se desempe\u00f1a.<\/p>\n<p>\u00abEsta es una situaci\u00f3n que hay que revertir y debemos seguir por el camino de conseguir m\u00e1s derechos. Tambi\u00e9n tenemos el tema de la inflaci\u00f3n y es algo que no escapa a la realidad de nadie, si bien la paritaria cerr\u00f3 con un incremento de m\u00e1s del 70 por ciento hay mucho por trabajar y una necesidad de mejorar la realidad de las familias\u00bb.<\/p>\n<p>El porcentaje del 50 a 60 por ciento de trabajo no registrado en el \u00e1mbito rural es de los m\u00e1s altos y hay una necesidad de poder terminar con este flagelo, por eso est\u00e1 el compromiso de concientizar al empleador para que los y las trabajadoras del campo pueda tener un seguro y obra social\u00bb.<\/p>\n<p>Desde, su rol como legisladora provincial y representando los derechos de las y los trabajadores rurales, S\u00e1nchez Jauregui sostuvo que \u201chemos presentado varios proyectos donde se destaca el S.O.S rural,que ya tiene media sanci\u00f3n en Diputados, y propone crear un sistema de identificaci\u00f3n de tranqueras para brindar a las y los bonaerenses mayor seguridad en las zonas rurales, no solo en lo que respecta a la seguridad, sino en el acceso a los servicios de salud e incluso violencia de g\u00e9nero y atenci\u00f3n a las familias\u201d.<\/p>\n<p>Los proyectos que vengo trabajando tienen como prioridad garantizar el acceso a los mismos servicios que tienen quienes viven en la ciudad y que hagan valer los derechos de las mujeres rurales y sus familias.<\/p>\n<p>Desde el gobierno provincial y junto al Gobernador \u201cvenimos trabajando fuertemente en el interior de la provincia con diferentes programas como caminos rurales, conectividad en las escuelas, el programa puentes que acercar\u00e1 la educaci\u00f3n universitaria a 82 municipios bonaerenses\u201d.<\/p>\n<p>\u201cNuestro compromiso con los derechos de las y los trabajadores rurales tiene como objetivo promover proyectos legislativos que incluyen al sector rural y hacen valer sus derechos en el trabajo de campo\u201d, finaliz\u00f3 la diputada provincial.<\/p>\n","protected":false},"excerpt":{"rendered":"<p>El D\u00eda del Trabajador Rural se celebra cada 8 de octubre en conmemoraci\u00f3n de la sanci\u00f3n del primer Estatuto del Pe\u00f3n de Campo, impulsado por el secretario de Trabajo y Previsi\u00f3n, el entonces coronel Juan Domingo Per\u00f3n. El estatuto represent\u00f3 un gran avance para la \u00e9poca, \u201cy es una fecha muy arraigada a la historia [&hellip;]<\/p>\n","protected":false},"author":3,"featured_media":94155,"comment_status":"closed","ping_status":"closed","sticky":false,"template":"","format":"standard","meta":{"footnotes":""},"categories":[5],"tags":[],"class_list":{"0":"post-94154","1":"post","2":"type-post","3":"status-publish","4":"format-standard","5":"has-post-thumbnail","7":"category-neco"},"_links":{"self":[{"href":"https:\/\/primicias2262.com\/noticias\/wp-json\/wp\/v2\/posts\/94154","targetHints":{"allow":["GET"]}}],"collection":[{"href":"https:\/\/primicias2262.com\/noticias\/wp-json\/wp\/v2\/posts"}],"about":[{"href":"https:\/\/primicias2262.com\/noticias\/wp-json\/wp\/v2\/types\/post"}],"author":[{"embeddable":true,"href":"https:\/\/primicias2262.com\/noticias\/wp-json\/wp\/v2\/users\/3"}],"replies":[{"embeddable":true,"href":"https:\/\/primicias2262.com\/noticias\/wp-json\/wp\/v2\/comments?post=94154"}],"version-history":[{"count":0,"href":"https:\/\/primicias2262.com\/noticias\/wp-json\/wp\/v2\/posts\/94154\/revisions"}],"wp:featuredmedia":[{"embeddable":true,"href":"https:\/\/primicias2262.com\/noticias\/wp-json\/"}],"wp:attachment":[{"href":"https:\/\/primicias2262.com\/noticias\/wp-json\/wp\/v2\/media?parent=94154"}],"wp:term":[{"taxonomy":"category","embeddable":true,"href":"https:\/\/primicias2262.com\/noticias\/wp-json\/wp\/v2\/categories?post=94154"},{"taxonomy":"post_tag","embeddable":true,"href":"https:\/\/primicias2262.com\/noticias\/wp-json\/wp\/v2\/tags?post=94154"}],"curies":[{"name":"wp","href":"https:\/\/api.w.org\/{rel}","templated":true}]}}