{"id":94157,"date":"2022-10-08T16:03:04","date_gmt":"2022-10-08T19:03:04","guid":{"rendered":"https:\/\/primicias2262.com\/?p=94157"},"modified":"2022-10-08T16:03:04","modified_gmt":"2022-10-08T19:03:04","slug":"con-un-equipo-tecnico-de-nacion-analizaron-el-avance-de-obras-de-infraestructura","status":"publish","type":"post","link":"https:\/\/primicias2262.com\/noticias\/con-un-equipo-tecnico-de-nacion-analizaron-el-avance-de-obras-de-infraestructura\/","title":{"rendered":"Con un equipo t\u00e9cnico de Naci\u00f3n, analizaron el avance de obras de infraestructura"},"content":{"rendered":"<p><strong>El c\u00f3nclave se desarroll\u00f3 en el municipio, entre funcionarios del Ejecutivo y miembros de la Secretar\u00eda de Integraci\u00f3n Socio Urbana, dependiente del Ministerio de Desarrollo. <\/strong><\/p>\n<p><strong>En Los Malvones se culminar\u00e1 con la instalaci\u00f3n de servicios b\u00e1sicos en enero a m\u00e1s tardar, mientras que en el sector lindero a la Terminal, se comenzar\u00eda con trabajos similares en los pr\u00f3ximos 45 d\u00edas cuando se le deposite el adelanto a la empresa que gan\u00f3 la licitaci\u00f3n.<\/strong><\/p>\n<p>Para verificar el estado de avance de la obra de infraestructura en Barrio Los Malvones, cercana hoy al 70% de su ejecuci\u00f3n total, funcionarios del Ejecutivo se reunieron en el municipio con el equipo t\u00e9cnico del SISU, que es la Secretar\u00eda de Integraci\u00f3n Socio Urbana dependiente del Ministerio de Desarrollo de la Naci\u00f3n.<\/p>\n<p>En la oportunidad, y en una mesa encabezada por el director de H\u00e1bitat y Vivienda, Lisandro Dones, y la secretaria de Desarrollo Humano y Pol\u00edticas Sociales, Sandra Antenucci, las partes apuntaron a los plazos y la nueva fecha de finalizaci\u00f3n, que, coincidieron, no ser\u00e1 m\u00e1s all\u00e1 de enero de 2023, teniendo en cuenta que en su momento se hizo una ampliaci\u00f3n de la obra para hacer un tendido pluvial de 500 metros m\u00e1s, lo que va a ayudar a barrios aleda\u00f1os tambi\u00e9n. Luego de ello, la comitiva se traslad\u00f3 a la obra para hacer una recorrida.<\/p>\n<p>En otro orden, y en el marco de este c\u00f3nclave, las partes ya comenzaron a dialogar sobre la obra de similares caracter\u00edsticas que se va a establecer en el barrio lindero a la Terminal de \u00d3mnibus, que tambi\u00e9n se realizar\u00e1 con fondos de Naci\u00f3n bajo un presupuesto superior a los 240 millones de pesos. La misma, vale resaltar, ya est\u00e1 adjudicada a la empresa Arquimaq SRL, que est\u00e1 pronta a cobrar el anticipo financiero que le permita comenzar con los trabajos, algo que no deber\u00eda superar los 45 d\u00edas.<\/p>\n<p>En esta obra, adem\u00e1s del tendido de red de agua, cloacas, cord\u00f3n cuneta, entoscado de calles e iluminaci\u00f3n LED, se le sumar\u00e1 la pavimentaci\u00f3n de la Av. 43 entre 58 y 62 y la remodelaci\u00f3n a nuevo del galp\u00f3n de la Escuela de Artes incendiado hace algunos a\u00f1os.<\/p>\n","protected":false},"excerpt":{"rendered":"<p>El c\u00f3nclave se desarroll\u00f3 en el municipio, entre funcionarios del Ejecutivo y miembros de la Secretar\u00eda de Integraci\u00f3n Socio Urbana, dependiente del Ministerio de Desarrollo. En Los Malvones se culminar\u00e1 con la instalaci\u00f3n de servicios b\u00e1sicos en enero a m\u00e1s tardar, mientras que en el sector lindero a la Terminal, se comenzar\u00eda con trabajos similares [&hellip;]<\/p>\n","protected":false},"author":3,"featured_media":94158,"comment_status":"closed","ping_status":"closed","sticky":false,"template":"","format":"standard","meta":{"footnotes":""},"categories":[3],"tags":[],"class_list":["post-94157","post","type-post","status-publish","format-standard","has-post-thumbnail","category-masnoticias"],"_links":{"self":[{"href":"https:\/\/primicias2262.com\/noticias\/wp-json\/wp\/v2\/posts\/94157","targetHints":{"allow":["GET"]}}],"collection":[{"href":"https:\/\/primicias2262.com\/noticias\/wp-json\/wp\/v2\/posts"}],"about":[{"href":"https:\/\/primicias2262.com\/noticias\/wp-json\/wp\/v2\/types\/post"}],"author":[{"embeddable":true,"href":"https:\/\/primicias2262.com\/noticias\/wp-json\/wp\/v2\/users\/3"}],"replies":[{"embeddable":true,"href":"https:\/\/primicias2262.com\/noticias\/wp-json\/wp\/v2\/comments?post=94157"}],"version-history":[{"count":0,"href":"https:\/\/primicias2262.com\/noticias\/wp-json\/wp\/v2\/posts\/94157\/revisions"}],"wp:attachment":[{"href":"https:\/\/primicias2262.com\/noticias\/wp-json\/wp\/v2\/media?parent=94157"}],"wp:term":[{"taxonomy":"category","embeddable":true,"href":"https:\/\/primicias2262.com\/noticias\/wp-json\/wp\/v2\/categories?post=94157"},{"taxonomy":"post_tag","embeddable":true,"href":"https:\/\/primicias2262.com\/noticias\/wp-json\/wp\/v2\/tags?post=94157"}],"curies":[{"name":"wp","href":"https:\/\/api.w.org\/{rel}","templated":true}]}}