{"id":94162,"date":"2022-10-08T16:12:26","date_gmt":"2022-10-08T19:12:26","guid":{"rendered":"https:\/\/primicias2262.com\/?p=94162"},"modified":"2022-10-08T16:12:26","modified_gmt":"2022-10-08T19:12:26","slug":"no-vemos-mucha-intencion-del-municipio-en-brindar-los-servicios-que-necesita-el-camionero","status":"publish","type":"post","link":"https:\/\/primicias2262.com\/noticias\/no-vemos-mucha-intencion-del-municipio-en-brindar-los-servicios-que-necesita-el-camionero\/","title":{"rendered":"\u201cNo vemos mucha intenci\u00f3n del municipio en brindar los servicios que necesita el camionero\u201d"},"content":{"rendered":"<p><strong>As\u00ed lo expres\u00f3 Aldo Oscar \u201cYuli\u201d Fern\u00e1ndez, del Sindicato de Camioneros, respecto a las necesidades que a diario surgen en la Playa Municipal de Camiones de Quequ\u00e9n.<\/strong><\/p>\n<p>La nota en \u201cVoces de la Ciudad\u201d junto al periodista Hugo Moller vino a colaci\u00f3n de un encuentro de los transportitas con los concejales de la ciudad. \u201cNos pidieron una reuni\u00f3n en el Concejo Deliberante para ver si se hab\u00eda solucionado y de qu\u00e9 forma la problem\u00e1tica por la que hicimos una medida de fuerza meses atr\u00e1s, y el cumplimiento del pacto realizado\u00bb.<\/p>\n<p>\u00abLes planteamos la realidad de lo que pas\u00f3 en esos 30 d\u00edas y la preocupaci\u00f3n que tenemos, de c\u00f3mo vamos a seguir de ahora en adelante, dado que todo lo que logr\u00f3, el 80 o 90% fue por una empresa privada, y del municipio no vemos mucha intenci\u00f3n de querer seguir adelante con este tema de brindar los servicios que realmente necesita el camionero en la playa municipal de Quequ\u00e9n\u201d, comenz\u00f3 afirmando Fern\u00e1ndez sin vueltas.<\/p>\n<p>Agreg\u00f3 al instante que \u201cson servicios b\u00e1sicos los que pedimos, como tener un ba\u00f1o digno en condiciones, un ingreso a la playa sin pozos, iluminaci\u00f3n, seguridad y que no vuele tierra. A veces est\u00e1bamos horas esperando porque no hab\u00eda un regador\u201d, para se\u00f1alar que al menos \u201choy est\u00e1 regada la playa y no vuela tanta tierra, tenemos iluminaci\u00f3n y se han mejorado los caminos de acceso\u201d.<\/p>\n<p>No obstante, puntualiz\u00f3 que \u201ca\u00fan falta una proveedur\u00eda, se quejaba la secretaria de Gobierno (Gabriela G\u00f3ngora) de que los ba\u00f1os estaban tapados con trapos pero no tenemos proveedur\u00eda, no tenemos donde comprar papel higi\u00e9nico o una botella de agua, no hay agua potable, y tenemos que estar parte del d\u00eda, 12 o 15 horas esperando ir a la descarga en un lugar que est\u00e1 completamente hecho un desastre en todo sentido\u201d.<\/p>\n<p>Si bien Fern\u00e1ndez reconoci\u00f3 que el aumento era obligatorio y estaba pautado, se\u00f1al\u00f3 que \u201cla queja del camionero se hizo notar y tuvimos que tomar las medidas para que hicieran estas cosas, pero la preocupaci\u00f3n de ahora en adelante es de qu\u00e9 manera el municipio va a poder mantener la Playa\u201d, e incluso, \u201ctambi\u00e9n se les plante\u00f3 a los concejales, que ante los casi 10 millones de pesos que ingresaron en septiembre, que designen una partida para poder mantener estos servicios b\u00e1sicos que se han logrado\u201d.<\/p>\n<p>En ese sentido, asegur\u00f3 que \u201cestaban todos de acuerdo y el eco fue bueno, la Playa es un lugar donde al municipio le ingresa buen dinero en efectivo diariamente y eso hay que mantenerlo, primero por la necesidad de dinero que tiene la administraci\u00f3n y adem\u00e1s por la dignidad que tiene que tener el camionero en cuanto a los servicios que se deben brindar en esta y en todas las playas de camiones\u201d.<\/p>\n<p>Es m\u00e1s, cont\u00f3 que los concejales \u201cse iban a poner a trabajar sobre un proyecto de ordenanza que contemple toda la actividad del transporte, el sistema de playa y el dinero, porque hubo un robo el domingo anterior y no hay seguridad de ning\u00fan tipo, ni hacia el transportista o fletero ni hacia el empleado municipal que est\u00e1 en una cabina cobrando dinero sin ning\u00fan resguardo de d\u00eda, y mucho menos de noche que es cuando m\u00e1s tendr\u00edan que estar\u201d.<\/p>\n","protected":false},"excerpt":{"rendered":"<p>As\u00ed lo expres\u00f3 Aldo Oscar \u201cYuli\u201d Fern\u00e1ndez, del Sindicato de Camioneros, respecto a las necesidades que a diario surgen en la Playa Municipal de Camiones de Quequ\u00e9n. La nota en \u201cVoces de la Ciudad\u201d junto al periodista Hugo Moller vino a colaci\u00f3n de un encuentro de los transportitas con los concejales de la ciudad. \u201cNos [&hellip;]<\/p>\n","protected":false},"author":3,"featured_media":94097,"comment_status":"closed","ping_status":"closed","sticky":false,"template":"","format":"standard","meta":{"footnotes":""},"categories":[3],"tags":[],"class_list":["post-94162","post","type-post","status-publish","format-standard","has-post-thumbnail","category-masnoticias"],"_links":{"self":[{"href":"https:\/\/primicias2262.com\/noticias\/wp-json\/wp\/v2\/posts\/94162","targetHints":{"allow":["GET"]}}],"collection":[{"href":"https:\/\/primicias2262.com\/noticias\/wp-json\/wp\/v2\/posts"}],"about":[{"href":"https:\/\/primicias2262.com\/noticias\/wp-json\/wp\/v2\/types\/post"}],"author":[{"embeddable":true,"href":"https:\/\/primicias2262.com\/noticias\/wp-json\/wp\/v2\/users\/3"}],"replies":[{"embeddable":true,"href":"https:\/\/primicias2262.com\/noticias\/wp-json\/wp\/v2\/comments?post=94162"}],"version-history":[{"count":0,"href":"https:\/\/primicias2262.com\/noticias\/wp-json\/wp\/v2\/posts\/94162\/revisions"}],"wp:attachment":[{"href":"https:\/\/primicias2262.com\/noticias\/wp-json\/wp\/v2\/media?parent=94162"}],"wp:term":[{"taxonomy":"category","embeddable":true,"href":"https:\/\/primicias2262.com\/noticias\/wp-json\/wp\/v2\/categories?post=94162"},{"taxonomy":"post_tag","embeddable":true,"href":"https:\/\/primicias2262.com\/noticias\/wp-json\/wp\/v2\/tags?post=94162"}],"curies":[{"name":"wp","href":"https:\/\/api.w.org\/{rel}","templated":true}]}}