{"id":94164,"date":"2022-10-08T16:16:17","date_gmt":"2022-10-08T19:16:17","guid":{"rendered":"https:\/\/primicias2262.com\/?p=94164"},"modified":"2022-10-08T16:16:17","modified_gmt":"2022-10-08T19:16:17","slug":"esperan-por-la-evolucion-climatica-para-que-pueda-actuar-peteco-carabajal","status":"publish","type":"post","link":"https:\/\/primicias2262.com\/noticias\/esperan-por-la-evolucion-climatica-para-que-pueda-actuar-peteco-carabajal\/","title":{"rendered":"Esperan por la evoluci\u00f3n clim\u00e1tica para que pueda actuar \u00abPeteco\u00bb Carabajal"},"content":{"rendered":"<p><strong>La Municipalidad de Necochea inform\u00f3 que a ra\u00edz de las inclemencias del clima, y dado los respectivos alertas meteorol\u00f3gicos, se suspendi\u00f3 la segunda jornada del 141\u00b0 Aniversario de Necochea en la Plaza Dardo Rocha en cuanto a todas sus actividades.<\/strong><\/p>\n<p>No obstante ello, se esperar\u00e1 alguna mejora hasta \u00faltimo momento para que el recital de \u00abPeteco\u00bb Carabajal se pueda desarrollar en el Escenario Principal, entre las 19 y 20.30 horas m\u00e1s o menos.<\/p>\n<p>Cabe decir que las puestas en escena de Panam y Freddy Villarreal ma\u00f1ana y de FMK el lunes, como as\u00ed tambi\u00e9n el corte de torta y el Desfile, se realizar\u00e1n con normalidad y tal lo organizado por el Ejecutivo.<\/p>\n","protected":false},"excerpt":{"rendered":"<p>La Municipalidad de Necochea inform\u00f3 que a ra\u00edz de las inclemencias del clima, y dado los respectivos alertas meteorol\u00f3gicos, se suspendi\u00f3 la segunda jornada del 141\u00b0 Aniversario de Necochea en la Plaza Dardo Rocha en cuanto a todas sus actividades. No obstante ello, se esperar\u00e1 alguna mejora hasta \u00faltimo momento para que el recital de [&hellip;]<\/p>\n","protected":false},"author":3,"featured_media":94165,"comment_status":"closed","ping_status":"closed","sticky":false,"template":"","format":"standard","meta":{"footnotes":""},"categories":[3],"tags":[],"class_list":["post-94164","post","type-post","status-publish","format-standard","has-post-thumbnail","category-masnoticias"],"_links":{"self":[{"href":"https:\/\/primicias2262.com\/noticias\/wp-json\/wp\/v2\/posts\/94164","targetHints":{"allow":["GET"]}}],"collection":[{"href":"https:\/\/primicias2262.com\/noticias\/wp-json\/wp\/v2\/posts"}],"about":[{"href":"https:\/\/primicias2262.com\/noticias\/wp-json\/wp\/v2\/types\/post"}],"author":[{"embeddable":true,"href":"https:\/\/primicias2262.com\/noticias\/wp-json\/wp\/v2\/users\/3"}],"replies":[{"embeddable":true,"href":"https:\/\/primicias2262.com\/noticias\/wp-json\/wp\/v2\/comments?post=94164"}],"version-history":[{"count":0,"href":"https:\/\/primicias2262.com\/noticias\/wp-json\/wp\/v2\/posts\/94164\/revisions"}],"wp:attachment":[{"href":"https:\/\/primicias2262.com\/noticias\/wp-json\/wp\/v2\/media?parent=94164"}],"wp:term":[{"taxonomy":"category","embeddable":true,"href":"https:\/\/primicias2262.com\/noticias\/wp-json\/wp\/v2\/categories?post=94164"},{"taxonomy":"post_tag","embeddable":true,"href":"https:\/\/primicias2262.com\/noticias\/wp-json\/wp\/v2\/tags?post=94164"}],"curies":[{"name":"wp","href":"https:\/\/api.w.org\/{rel}","templated":true}]}}