{"id":94179,"date":"2022-10-08T18:57:42","date_gmt":"2022-10-08T21:57:42","guid":{"rendered":"https:\/\/primicias2262.com\/?p=94179"},"modified":"2022-10-08T18:57:42","modified_gmt":"2022-10-08T21:57:42","slug":"por-cuestiones-climaticas-no-se-realizara-la-presentacion-de-peteco-carabajal","status":"publish","type":"post","link":"https:\/\/primicias2262.com\/noticias\/por-cuestiones-climaticas-no-se-realizara-la-presentacion-de-peteco-carabajal\/","title":{"rendered":"Por cuestiones clim\u00e1ticas no se realizar\u00e1 la presentaci\u00f3n de \u00abPeteco\u00bb Carabajal"},"content":{"rendered":"<p><strong>Las condiciones del clima no son favorables para la actuaci\u00f3n del reconocido artista santiague\u00f1o y por ello se decidi\u00f3 suspender completamente la jornada de festejos correspondientes al s\u00e1bado. No obstante, este domingo el cronograma del 141\u00ba Aniversario de Necochea seguir\u00e1 tal cual estaba previsto.<\/strong><\/p>\n<p>Ante la certeza plena de los pron\u00f3sticos meteorol\u00f3gicos para este s\u00e1bado en la ciudad, finalmente no se podr\u00e1 presentar en la Plaza Dardo Rocha el reconocido artista popular Peteco Carabajal, quien iba a actuar con su grupo \u201cRiendas Libres\u201d, en el marco de la segunda jornada de festejos por el 141\u00ba Aniversario de Necochea.<\/p>\n<p>Durante la ma\u00f1ana de este s\u00e1bado, la organizaci\u00f3n decidi\u00f3 suspender gran parte de la jornada sabatina por las inclemencias clim\u00e1ticas y tender un comp\u00e1s de espera hasta la tardecita o noche pero ver la evoluci\u00f3n del clima y poder tener eventualmente a Peteco en el escenario central, pero ni las fuertes r\u00e1fagas de viento ni las lluvias aisladas cesaron y en consecuencia se decidi\u00f3 suspender la actividad por completo.<\/p>\n<p>No obstante, desde el municipio se comunic\u00f3 que el cronograma de las celebraciones por los 141 a\u00f1os de la ciudad seguir\u00e1 como estaba previsto. Eso significa que este domingo, si el clima acompa\u00f1a, el eje se pondr\u00e1 en el Festival Infantil con una actividad especial a las 16.30 y la presentaci\u00f3n de Panam en el escenario central a las 17.<\/p>\n<p>En tanto, el escenario Centenario tendr\u00e1 actividad desde las 14 con el paso de artistas locales y el gran cierre del domingo ser\u00e1 a partir de las 20 en el escenario principal con la actuaci\u00f3n del reconocido humorista nacional Fredy Villarreal, quien ser\u00e1 antecedido por el artista Walter G\u00f3mez y el grupo Jarana.<\/p>\n","protected":false},"excerpt":{"rendered":"<p>Las condiciones del clima no son favorables para la actuaci\u00f3n del reconocido artista santiague\u00f1o y por ello se decidi\u00f3 suspender completamente la jornada de festejos correspondientes al s\u00e1bado. No obstante, este domingo el cronograma del 141\u00ba Aniversario de Necochea seguir\u00e1 tal cual estaba previsto. Ante la certeza plena de los pron\u00f3sticos meteorol\u00f3gicos para este s\u00e1bado [&hellip;]<\/p>\n","protected":false},"author":3,"featured_media":94180,"comment_status":"closed","ping_status":"closed","sticky":false,"template":"","format":"standard","meta":{"footnotes":""},"categories":[3],"tags":[],"class_list":["post-94179","post","type-post","status-publish","format-standard","has-post-thumbnail","category-masnoticias"],"_links":{"self":[{"href":"https:\/\/primicias2262.com\/noticias\/wp-json\/wp\/v2\/posts\/94179","targetHints":{"allow":["GET"]}}],"collection":[{"href":"https:\/\/primicias2262.com\/noticias\/wp-json\/wp\/v2\/posts"}],"about":[{"href":"https:\/\/primicias2262.com\/noticias\/wp-json\/wp\/v2\/types\/post"}],"author":[{"embeddable":true,"href":"https:\/\/primicias2262.com\/noticias\/wp-json\/wp\/v2\/users\/3"}],"replies":[{"embeddable":true,"href":"https:\/\/primicias2262.com\/noticias\/wp-json\/wp\/v2\/comments?post=94179"}],"version-history":[{"count":0,"href":"https:\/\/primicias2262.com\/noticias\/wp-json\/wp\/v2\/posts\/94179\/revisions"}],"wp:attachment":[{"href":"https:\/\/primicias2262.com\/noticias\/wp-json\/wp\/v2\/media?parent=94179"}],"wp:term":[{"taxonomy":"category","embeddable":true,"href":"https:\/\/primicias2262.com\/noticias\/wp-json\/wp\/v2\/categories?post=94179"},{"taxonomy":"post_tag","embeddable":true,"href":"https:\/\/primicias2262.com\/noticias\/wp-json\/wp\/v2\/tags?post=94179"}],"curies":[{"name":"wp","href":"https:\/\/api.w.org\/{rel}","templated":true}]}}