{"id":94194,"date":"2022-10-09T13:36:09","date_gmt":"2022-10-09T16:36:09","guid":{"rendered":"https:\/\/primicias2262.com\/?p=94194"},"modified":"2022-10-09T13:36:09","modified_gmt":"2022-10-09T16:36:09","slug":"escuelas-de-jornada-completa-profundizan-aprendizajes-y-generan-nuevos-recursos","status":"publish","type":"post","link":"https:\/\/primicias2262.com\/noticias\/escuelas-de-jornada-completa-profundizan-aprendizajes-y-generan-nuevos-recursos\/","title":{"rendered":"Escuelas de jornada completa:  \u00abProfundizan aprendizajes y generan nuevos recursos\u00bb"},"content":{"rendered":"<p><strong>En la instituci\u00f3n de calle 69 entre 48 y 46 inici\u00f3 esta semana la jornada completa, y pr\u00f3ximamente suceder\u00e1 lo mismo en la Primaria N\u00ba 48, ambas escuelas con profundizaci\u00f3n de aprendizaje orientado en arte.<\/strong><\/p>\n<p>De ello habl\u00f3 la Jefa Regional de Educaci\u00f3n, Ana Lidia Marincevic, quien en di\u00e1logo telef\u00f3nico con \u201cVoces de la Ciudad\u201d confirm\u00f3 que lleg\u00f3 la resoluci\u00f3n oficializada con la definici\u00f3n pol\u00edtica de avanzar en conformaci\u00f3n de varias jornadas completas en el distrito, como en 2015 lo hab\u00edan sido la Escuela N\u00ba 18 de Ram\u00f3n Santamarina, la Primaria N\u00ba 35 del puerto y la escuela N\u00ba 49 de Quequ\u00e9n.<\/p>\n<p>Durante la nota realizada por el periodista Hugo Moller, Marincevic destac\u00f3 en tal sentido que \u201chay otras escuelas de 8 horas en el distrito en las que tambi\u00e9n estamos trabajando para unificar recursos con los que cuentan las nuevas de jornada completa con espacios de profundizaci\u00f3n de aprendizajes, que son la Escuela Primaria N\u00ba 6, donde se empez\u00f3 esta semana, y ya tenemos la resoluci\u00f3n de la Primaria N\u00ba 48, que ser\u00e1 jornada completa desde el pr\u00f3ximo 17 de octubre\u201d.<\/p>\n<p>A la hora de explicar de qu\u00e9 se trata la jornada completa, la inspectora defini\u00f3 que \u201ces un formato que m\u00e1s all\u00e1 de duplicar el tiempo compartido de alumnos y docentes, implica la disponibilidad de nuevos recursos. Los espacios de profundizaci\u00f3n de aprendizajes implican la llegada de nuevos docentes que trabajan sobre un \u00e1mbito que atraviesa todo el proyecto institucional, en el caso de estas dos escuelas va a tener que ver con arte. Esto representa adem\u00e1s el crecimiento de una hora m\u00e1s semanal de art\u00edstica, Educaci\u00f3n F\u00edsica y el comedor con desayuno y merienda para el 100% de la matr\u00edcula de estas dos escuelas\u201d.<\/p>\n<p>Incluso, \u201chay una serie de proyectos que se desarrollan en el marco de la jornada completa y esperamos la llegada de nuevas resoluciones para m\u00e1s escuelas con jornada completa en el marco de un acuerdo con el gobierno nacional, que va a cumplir con lo que ya propon\u00eda la Ley Nacional de Educaci\u00f3n, de avanzar en la extensi\u00f3n de la jornada a trav\u00e9s de las jornadas completas y a trav\u00e9s de una nueva propuesta que son las escuelas de 25 horas semanales, es decir, una hora m\u00e1s de clase que ya se trabaja en el Consejo Federal y muy pronto vamos a tener novedades en la regi\u00f3n\u201d, anticip\u00f3 en el cierre.<\/p>\n","protected":false},"excerpt":{"rendered":"<p>En la instituci\u00f3n de calle 69 entre 48 y 46 inici\u00f3 esta semana la jornada completa, y pr\u00f3ximamente suceder\u00e1 lo mismo en la Primaria N\u00ba 48, ambas escuelas con profundizaci\u00f3n de aprendizaje orientado en arte. De ello habl\u00f3 la Jefa Regional de Educaci\u00f3n, Ana Lidia Marincevic, quien en di\u00e1logo telef\u00f3nico con \u201cVoces de la Ciudad\u201d [&hellip;]<\/p>\n","protected":false},"author":3,"featured_media":94195,"comment_status":"closed","ping_status":"closed","sticky":false,"template":"","format":"standard","meta":{"footnotes":""},"categories":[3],"tags":[],"class_list":["post-94194","post","type-post","status-publish","format-standard","has-post-thumbnail","category-masnoticias"],"_links":{"self":[{"href":"https:\/\/primicias2262.com\/noticias\/wp-json\/wp\/v2\/posts\/94194","targetHints":{"allow":["GET"]}}],"collection":[{"href":"https:\/\/primicias2262.com\/noticias\/wp-json\/wp\/v2\/posts"}],"about":[{"href":"https:\/\/primicias2262.com\/noticias\/wp-json\/wp\/v2\/types\/post"}],"author":[{"embeddable":true,"href":"https:\/\/primicias2262.com\/noticias\/wp-json\/wp\/v2\/users\/3"}],"replies":[{"embeddable":true,"href":"https:\/\/primicias2262.com\/noticias\/wp-json\/wp\/v2\/comments?post=94194"}],"version-history":[{"count":0,"href":"https:\/\/primicias2262.com\/noticias\/wp-json\/wp\/v2\/posts\/94194\/revisions"}],"wp:attachment":[{"href":"https:\/\/primicias2262.com\/noticias\/wp-json\/wp\/v2\/media?parent=94194"}],"wp:term":[{"taxonomy":"category","embeddable":true,"href":"https:\/\/primicias2262.com\/noticias\/wp-json\/wp\/v2\/categories?post=94194"},{"taxonomy":"post_tag","embeddable":true,"href":"https:\/\/primicias2262.com\/noticias\/wp-json\/wp\/v2\/tags?post=94194"}],"curies":[{"name":"wp","href":"https:\/\/api.w.org\/{rel}","templated":true}]}}