{"id":94197,"date":"2022-10-09T13:40:04","date_gmt":"2022-10-09T16:40:04","guid":{"rendered":"https:\/\/primicias2262.com\/?p=94197"},"modified":"2022-10-09T13:40:04","modified_gmt":"2022-10-09T16:40:04","slug":"salio-el-sol-y-se-celebra-la-infancia-en-el-cumpleanos-de-necochea","status":"publish","type":"post","link":"https:\/\/primicias2262.com\/noticias\/salio-el-sol-y-se-celebra-la-infancia-en-el-cumpleanos-de-necochea\/","title":{"rendered":"Sali\u00f3 el sol y se celebra la infancia en el cumplea\u00f1os de Necochea"},"content":{"rendered":"<p><strong>El eje tem\u00e1tico sobre el que gire esta tercera jornada de festejos en la Plaza Dardo Rocha ser\u00e1 la ni\u00f1ez, con algunos adelantos del pr\u00f3ximo Festival Infantil. Panam y Fredy Villarreal ser\u00e1n los dos espect\u00e1culos fuertes de este domingo, esperando por el cierre de FMK en la tarde de este lunes.<\/strong><\/p>\n<p>El viento y la inestabilidad del clima oblig\u00f3 a que los festejos por el 141\u00b0 Aniversario de Necochea debieran ser suspendido este s\u00e1bado, cuando se esperaba la presentaci\u00f3n estelar del grupo \u201cRiendas Libres\u201d sobre el Escenario Central. Hoy, con el sol saludando nuevamente al distrito, se retomar\u00e1n todas las actividades en la Plaza Dardo Rocha seg\u00fan lo planificado con anterioridad.<\/p>\n<p>Invitando a toda la comunidad a acercarse en familia, desde las \u00e1reas de Cultura y Deportes recordaron que estar\u00e1n desde las 14 con sus talleres y actividades recreativas, esperando por los m\u00e1s peque\u00f1os para invitarlos a pintar sus primeras obras de arte o sortear un divertido recorrido con obst\u00e1culos.<\/p>\n<p>El motivo infantil y un adelanto del Festival ser\u00e1n los puntos destacados de los festejos durante la jornada de este domingo 9, con un espect\u00e1culo lleno de color preparado para abrir el escenario principal a las 16:30, y a la espera de la llegada estelar de Panam y su conocido repertorio, que se dar\u00e1 desde las 17.<\/p>\n","protected":false},"excerpt":{"rendered":"<p>El eje tem\u00e1tico sobre el que gire esta tercera jornada de festejos en la Plaza Dardo Rocha ser\u00e1 la ni\u00f1ez, con algunos adelantos del pr\u00f3ximo Festival Infantil. Panam y Fredy Villarreal ser\u00e1n los dos espect\u00e1culos fuertes de este domingo, esperando por el cierre de FMK en la tarde de este lunes. El viento y la [&hellip;]<\/p>\n","protected":false},"author":3,"featured_media":94198,"comment_status":"closed","ping_status":"closed","sticky":false,"template":"","format":"standard","meta":{"footnotes":""},"categories":[3],"tags":[],"class_list":["post-94197","post","type-post","status-publish","format-standard","has-post-thumbnail","category-masnoticias"],"_links":{"self":[{"href":"https:\/\/primicias2262.com\/noticias\/wp-json\/wp\/v2\/posts\/94197","targetHints":{"allow":["GET"]}}],"collection":[{"href":"https:\/\/primicias2262.com\/noticias\/wp-json\/wp\/v2\/posts"}],"about":[{"href":"https:\/\/primicias2262.com\/noticias\/wp-json\/wp\/v2\/types\/post"}],"author":[{"embeddable":true,"href":"https:\/\/primicias2262.com\/noticias\/wp-json\/wp\/v2\/users\/3"}],"replies":[{"embeddable":true,"href":"https:\/\/primicias2262.com\/noticias\/wp-json\/wp\/v2\/comments?post=94197"}],"version-history":[{"count":0,"href":"https:\/\/primicias2262.com\/noticias\/wp-json\/wp\/v2\/posts\/94197\/revisions"}],"wp:attachment":[{"href":"https:\/\/primicias2262.com\/noticias\/wp-json\/wp\/v2\/media?parent=94197"}],"wp:term":[{"taxonomy":"category","embeddable":true,"href":"https:\/\/primicias2262.com\/noticias\/wp-json\/wp\/v2\/categories?post=94197"},{"taxonomy":"post_tag","embeddable":true,"href":"https:\/\/primicias2262.com\/noticias\/wp-json\/wp\/v2\/tags?post=94197"}],"curies":[{"name":"wp","href":"https:\/\/api.w.org\/{rel}","templated":true}]}}