{"id":94226,"date":"2022-10-10T15:46:25","date_gmt":"2022-10-10T18:46:25","guid":{"rendered":"https:\/\/primicias2262.com\/?p=94226"},"modified":"2022-10-10T15:46:25","modified_gmt":"2022-10-10T18:46:25","slug":"fredy-villarreal-esta-es-una-fiesta-que-la-gente-se-regala-con-su-esfuerzo","status":"publish","type":"post","link":"https:\/\/primicias2262.com\/noticias\/fredy-villarreal-esta-es-una-fiesta-que-la-gente-se-regala-con-su-esfuerzo\/","title":{"rendered":"Fredy Villarreal: \u201cEsta es una fiesta que la gente se regala con su esfuerzo\u201d"},"content":{"rendered":"<p><strong>El vers\u00e1til artista cerr\u00f3 la tercera jornada de festejos con un show que la gente disfrut\u00f3 desde su inicio, repartiendo todo su talento y latiguillos desopilantes con su universo de personajes. Antes y despu\u00e9s de este show de nivel nacional, la m\u00fasica la pusieron Jarana y Walter G\u00f3mez.\u00a0<\/strong><\/p>\n<p>Para terminar esta tercera jornada de festejos de la mejor manera, la cartelera de espect\u00e1culos de este domingo se cerr\u00f3 con la actuaci\u00f3n estelar del humorista Fredy Villarreal, quien despleg\u00f3 todo su repertorio arriba del escenario despertando las carcajadas de miles de vecinos que se agolparon en la Plaza Dardo Rocha para celebrar este nuevo aniversario de Necochea.<\/p>\n<p>El multifac\u00e9tico artista jug\u00f3 con todo su universo de personajes secundado por otro talento de las imitaciones, \u201cPato\u201d Benegas, quien se encarg\u00f3 de los intervalos musicales mientras otra caracterizaci\u00f3n del actor se preparaba en el camar\u00edn. El Papa Francisco, Fernando de la R\u00faa o Chiche Gelblung fueron algunas de las personalidades que el humorista rememor\u00f3 con latiguillos desopilantes.<\/p>\n<p>\u201cPrimero quiero saludarlos, festejar con ustedes. Lo que m\u00e1s me interesa decir en este tipo de eventos, que tienen que ver con aniversarios de ciudades, es que estos espect\u00e1culos no son un regalo a la gente, porque es la gente quien promueve este tipo de situaciones. La gente que aporta su trabajo, sus impuestos, su esfuerzo\u201d, remarc\u00f3 el ganador de un Mart\u00edn Fierro en 2001.<\/p>\n<p>Sobre ese punto, agreg\u00f3: \u201cEsta es una fiesta de ellos, para ellos y gracias a ellos. Es una fiesta que ellos mismos se regalan y la vamos a terminar con muy buen humor y mucha m\u00fasica\u201d.<\/p>\n<p>\u201cSiempre vengo a Necochea, tengo gente amiga\u201d y \u201cme encanta que me hayan invitado\u201d, se\u00f1al\u00f3 el actor, no sin antes remarcar las bondades naturales de la ciudad: \u201cLa costa de Argentina tiene todos los atributos. Yo la conozco mucho, recorr\u00ed toda esta zona y tambi\u00e9n el mundo, y las playas estas que tenemos son extraordinarias, lo que digo es que hay que cuidarlas para seguir disfrut\u00e1ndolas\u201d, cerr\u00f3 el carism\u00e1tico comediante.<\/p>\n<p><strong>Otros shows que engalanaron el evento<\/strong><\/p>\n<p>Antes de que Fredy Villarreal pisara el Escenario Central, el grupo Jarana hizo vibrar con un repertorio lleno de alegr\u00eda a todo el p\u00fablico presente. Vecinos y turistas se deleitaron con los cl\u00e1sicos de la cumbia presentados por esta banda local de reconocida trayectoria.<\/p>\n","protected":false},"excerpt":{"rendered":"<p>El vers\u00e1til artista cerr\u00f3 la tercera jornada de festejos con un show que la gente disfrut\u00f3 desde su inicio, repartiendo todo su talento y latiguillos desopilantes con su universo de personajes. Antes y despu\u00e9s de este show de nivel nacional, la m\u00fasica la pusieron Jarana y Walter G\u00f3mez.\u00a0 Para terminar esta tercera jornada de festejos [&hellip;]<\/p>\n","protected":false},"author":3,"featured_media":94227,"comment_status":"closed","ping_status":"closed","sticky":false,"template":"","format":"standard","meta":{"footnotes":""},"categories":[3],"tags":[],"class_list":["post-94226","post","type-post","status-publish","format-standard","has-post-thumbnail","category-masnoticias"],"_links":{"self":[{"href":"https:\/\/primicias2262.com\/noticias\/wp-json\/wp\/v2\/posts\/94226","targetHints":{"allow":["GET"]}}],"collection":[{"href":"https:\/\/primicias2262.com\/noticias\/wp-json\/wp\/v2\/posts"}],"about":[{"href":"https:\/\/primicias2262.com\/noticias\/wp-json\/wp\/v2\/types\/post"}],"author":[{"embeddable":true,"href":"https:\/\/primicias2262.com\/noticias\/wp-json\/wp\/v2\/users\/3"}],"replies":[{"embeddable":true,"href":"https:\/\/primicias2262.com\/noticias\/wp-json\/wp\/v2\/comments?post=94226"}],"version-history":[{"count":0,"href":"https:\/\/primicias2262.com\/noticias\/wp-json\/wp\/v2\/posts\/94226\/revisions"}],"wp:attachment":[{"href":"https:\/\/primicias2262.com\/noticias\/wp-json\/wp\/v2\/media?parent=94226"}],"wp:term":[{"taxonomy":"category","embeddable":true,"href":"https:\/\/primicias2262.com\/noticias\/wp-json\/wp\/v2\/categories?post=94226"},{"taxonomy":"post_tag","embeddable":true,"href":"https:\/\/primicias2262.com\/noticias\/wp-json\/wp\/v2\/tags?post=94226"}],"curies":[{"name":"wp","href":"https:\/\/api.w.org\/{rel}","templated":true}]}}