{"id":94229,"date":"2022-10-10T15:51:07","date_gmt":"2022-10-10T18:51:07","guid":{"rendered":"https:\/\/primicias2262.com\/?p=94229"},"modified":"2022-10-10T15:51:07","modified_gmt":"2022-10-10T18:51:07","slug":"un-colorido-y-multitudinario-desfile-dio-inicio-a-la-cuarta-jornada-de-festejos","status":"publish","type":"post","link":"https:\/\/primicias2262.com\/noticias\/un-colorido-y-multitudinario-desfile-dio-inicio-a-la-cuarta-jornada-de-festejos\/","title":{"rendered":"Un colorido y multitudinario desfile dio inicio a la cuarta jornada de festejos"},"content":{"rendered":"<p><strong>El intendente Arturo Rojas encabez\u00f3 la ceremonia, acompa\u00f1ado por funcionarios, concejales y autoridades de las distintas fuerzas y otras instituciones de la cuidad. La Plaza Dardo Rocha se colm\u00f3 de p\u00fablico para recibir con aplausos a cada una de las representaciones.<\/strong><\/p>\n<p>La interminable columna de instituciones que fueron esperando su paso por el placo oficial estuvieron nucleadas en la Avenida 59 y fueron encabezadas por las distintas instituciones educativas de la ciudad, y tambi\u00e9n de Quequ\u00e9n, comenzando por los jardines maternales y de infantes municipales.<\/p>\n<p>El primer mandatario local, acompa\u00f1ado por funcionarios del Departamento Ejecutivo y ediles del Concejo Deliberante, fueron recibiendo con aplausos a cada una de las instituciones que formaron parte de esta actividad, destac\u00e1ndose el colorido de los clubes y entidades deportivas, tanto como las representaciones de cada una de las colectividades de inmigrantes extranjeros que habitan el distrito.<\/p>\n<p>Luego del paso de las entidades intermedias, que fueron recibidas por ovaciones del p\u00fablico, el desfile se centr\u00f3 en la marcha de las fuerzas, que cont\u00f3 con las notorias presencias del Comando de Adiestramiento y Alistamiento de la Base A\u00e9rea Militar de la Fuerza A\u00e9rea Argentina de Mar del Plata, la Armada Argentina, el Ej\u00e9rcito, el Escuadr\u00f3n de Seguridad Vial \u201cBalcarce\u201d de la Gendarmer\u00eda Nacional, la Prefectura Naval con base en Quequ\u00e9n y la Polic\u00eda Federal Argentina.<\/p>\n<p><a href=\"https:\/\/primicias2262.com\/wp-content\/uploads\/2022\/10\/Desfile-2.jpeg\"><img loading=\"lazy\" decoding=\"async\" class=\"aligncenter size-full wp-image-94230\" src=\"https:\/\/primicias2262.com\/wp-content\/uploads\/2022\/10\/Desfile-2.jpeg\" alt=\"\" width=\"1280\" height=\"853\" \/><\/a><\/p>\n<p>Esta parte del evento, cont\u00f3 tambi\u00e9n con las cl\u00e1sicas participaciones de los cuarteles de bomberos de todo el partido, que lucieron sus autobombas y veh\u00edculos especiales, y la emotiva recepci\u00f3n al pie del escenario de la Asociaci\u00f3n Civil Veteranos de Malvinas, a quien el locutor Sergio Melgarejo dedic\u00f3 unas sentidas palabras que hicieron emocionar a los presentes.<\/p>\n<p>Para terminar este enorme despliegue, luego del paso de los autos antiguos y del peque\u00f1o Joaqu\u00edn Fradin con su karting, le toc\u00f3 el turno a la parte tradicionalista del evento, con agrupaciones folcl\u00f3ricas y a caballo de numerosas localidades de la regi\u00f3n, que pusieron el tinte nacional al festejo.<\/p>\n","protected":false},"excerpt":{"rendered":"<p>El intendente Arturo Rojas encabez\u00f3 la ceremonia, acompa\u00f1ado por funcionarios, concejales y autoridades de las distintas fuerzas y otras instituciones de la cuidad. La Plaza Dardo Rocha se colm\u00f3 de p\u00fablico para recibir con aplausos a cada una de las representaciones. La interminable columna de instituciones que fueron esperando su paso por el placo oficial [&hellip;]<\/p>\n","protected":false},"author":3,"featured_media":94231,"comment_status":"closed","ping_status":"closed","sticky":false,"template":"","format":"standard","meta":{"footnotes":""},"categories":[3],"tags":[],"class_list":["post-94229","post","type-post","status-publish","format-standard","has-post-thumbnail","category-masnoticias"],"_links":{"self":[{"href":"https:\/\/primicias2262.com\/noticias\/wp-json\/wp\/v2\/posts\/94229","targetHints":{"allow":["GET"]}}],"collection":[{"href":"https:\/\/primicias2262.com\/noticias\/wp-json\/wp\/v2\/posts"}],"about":[{"href":"https:\/\/primicias2262.com\/noticias\/wp-json\/wp\/v2\/types\/post"}],"author":[{"embeddable":true,"href":"https:\/\/primicias2262.com\/noticias\/wp-json\/wp\/v2\/users\/3"}],"replies":[{"embeddable":true,"href":"https:\/\/primicias2262.com\/noticias\/wp-json\/wp\/v2\/comments?post=94229"}],"version-history":[{"count":0,"href":"https:\/\/primicias2262.com\/noticias\/wp-json\/wp\/v2\/posts\/94229\/revisions"}],"wp:attachment":[{"href":"https:\/\/primicias2262.com\/noticias\/wp-json\/wp\/v2\/media?parent=94229"}],"wp:term":[{"taxonomy":"category","embeddable":true,"href":"https:\/\/primicias2262.com\/noticias\/wp-json\/wp\/v2\/categories?post=94229"},{"taxonomy":"post_tag","embeddable":true,"href":"https:\/\/primicias2262.com\/noticias\/wp-json\/wp\/v2\/tags?post=94229"}],"curies":[{"name":"wp","href":"https:\/\/api.w.org\/{rel}","templated":true}]}}