{"id":94233,"date":"2022-10-10T15:58:03","date_gmt":"2022-10-10T18:58:03","guid":{"rendered":"https:\/\/primicias2262.com\/?p=94233"},"modified":"2022-10-10T15:58:03","modified_gmt":"2022-10-10T18:58:03","slug":"esta-en-marcha-un-programa-de-capacitacion-laboral-de-alcance-nacional","status":"publish","type":"post","link":"https:\/\/primicias2262.com\/noticias\/esta-en-marcha-un-programa-de-capacitacion-laboral-de-alcance-nacional\/","title":{"rendered":"Est\u00e1 en marcha un Programa de Capacitaci\u00f3n Laboral de alcance nacional"},"content":{"rendered":"<div class=\"xdj266r x11i5rnm xat24cr x1mh8g0r x1vvkbs x126k92a\">\n<p dir=\"auto\">El Instituto Nacional de Educaci\u00f3n Tecnol\u00f3gica (INET) ya puso en marcha en la Regi\u00f3n 20 sus comisiones del Programa CLAN.<\/p>\n<\/div>\n<div dir=\"auto\">Seg\u00fan inform\u00f3 la Jefatura Regional de Educaci\u00f3n, ya comenzaron las actividades en la Escuela Secundaria Nro 3 de Quequ\u00e9n, articulando con el Centro de Formaci\u00f3n Profesional Nro 401.<\/div>\n<div class=\"x11i5rnm xat24cr x1mh8g0r x1vvkbs xtlvy1s x126k92a\">\n<p dir=\"auto\">El CLAN es un Programa de Capacitaci\u00f3n Laboral de Alcance Nacional que ofrece a lxs alumnxs de Escuelas Secundarias Orientadas la posibilidad de sumar al t\u00edtulo de Bachiller la certificaci\u00f3n de cursos de capacitaci\u00f3n laboral, con la certeza de que redundar\u00e1 en la adquisici\u00f3n de conocimientos, habilidades y destrezas que mejorar\u00e1n las oportunidades de acceso al trabajo cuando egresen del Nivel Secundario.<\/p>\n<\/div>\n","protected":false},"excerpt":{"rendered":"<p>El Instituto Nacional de Educaci\u00f3n Tecnol\u00f3gica (INET) ya puso en marcha en la Regi\u00f3n 20 sus comisiones del Programa CLAN. Seg\u00fan inform\u00f3 la Jefatura Regional de Educaci\u00f3n, ya comenzaron las actividades en la Escuela Secundaria Nro 3 de Quequ\u00e9n, articulando con el Centro de Formaci\u00f3n Profesional Nro 401. El CLAN es un Programa de Capacitaci\u00f3n [&hellip;]<\/p>\n","protected":false},"author":3,"featured_media":94234,"comment_status":"closed","ping_status":"closed","sticky":false,"template":"","format":"standard","meta":{"footnotes":""},"categories":[3],"tags":[],"class_list":["post-94233","post","type-post","status-publish","format-standard","has-post-thumbnail","category-masnoticias"],"_links":{"self":[{"href":"https:\/\/primicias2262.com\/noticias\/wp-json\/wp\/v2\/posts\/94233","targetHints":{"allow":["GET"]}}],"collection":[{"href":"https:\/\/primicias2262.com\/noticias\/wp-json\/wp\/v2\/posts"}],"about":[{"href":"https:\/\/primicias2262.com\/noticias\/wp-json\/wp\/v2\/types\/post"}],"author":[{"embeddable":true,"href":"https:\/\/primicias2262.com\/noticias\/wp-json\/wp\/v2\/users\/3"}],"replies":[{"embeddable":true,"href":"https:\/\/primicias2262.com\/noticias\/wp-json\/wp\/v2\/comments?post=94233"}],"version-history":[{"count":0,"href":"https:\/\/primicias2262.com\/noticias\/wp-json\/wp\/v2\/posts\/94233\/revisions"}],"wp:attachment":[{"href":"https:\/\/primicias2262.com\/noticias\/wp-json\/wp\/v2\/media?parent=94233"}],"wp:term":[{"taxonomy":"category","embeddable":true,"href":"https:\/\/primicias2262.com\/noticias\/wp-json\/wp\/v2\/categories?post=94233"},{"taxonomy":"post_tag","embeddable":true,"href":"https:\/\/primicias2262.com\/noticias\/wp-json\/wp\/v2\/tags?post=94233"}],"curies":[{"name":"wp","href":"https:\/\/api.w.org\/{rel}","templated":true}]}}