{"id":94236,"date":"2022-10-10T16:06:38","date_gmt":"2022-10-10T19:06:38","guid":{"rendered":"https:\/\/primicias2262.com\/?p=94236"},"modified":"2022-10-10T16:06:38","modified_gmt":"2022-10-10T19:06:38","slug":"anuncian-jornadas-sobre-gestion-del-riesgo-de-emergencias-y-desastres-a-cargo-de-nacion","status":"publish","type":"post","link":"https:\/\/primicias2262.com\/noticias\/anuncian-jornadas-sobre-gestion-del-riesgo-de-emergencias-y-desastres-a-cargo-de-nacion\/","title":{"rendered":"Anuncian jornadas sobre \u201cGesti\u00f3n del riesgo de emergencias y desastres\u201d a cargo de Naci\u00f3n"},"content":{"rendered":"<p><strong>La capacitaci\u00f3n se realizar\u00e1 entre el 19 y el 21 de octubre en el Polideportivo Municipal, a cargo de Direcci\u00f3n Nacional de Emergencias Sanitarias y bajo la coordinaci\u00f3n de la Secretar\u00eda de Salud. Se abordar\u00e1 desde c\u00f3mo atender a la v\u00edctima en un siniestro y hasta su traslado.<\/strong><\/p>\n<p>La Secretar\u00eda de Salud inform\u00f3 que del 19 al 21 de octubre se desarrollar\u00e1n en el Polideportivo Municipal tres jornadas sobre \u201cGesti\u00f3n del riesgo de emergencias y desastres\u201d, con diversos talleres de capacitaci\u00f3n destinadas a los actores intervinientes en la planificaci\u00f3n, organizaci\u00f3n y coordinaci\u00f3n ante incidentes viales con victimas m\u00faltiples.<\/p>\n<p>La capacitaci\u00f3n estar\u00e1 a cargo de un equipo de la Direcci\u00f3n Nacional de Emergencias Sanitarias, dependiente del Ministerio de Salud de la Naci\u00f3n, y contar\u00e1 con la log\u00edstica del municipio. Asimismo, est\u00e1 destinada a personal de bomberos voluntarios, equipos de salud y fuerzas de seguridad, quienes deber\u00e1n inscribirse al link\u00a0<a href=\"https:\/\/forms.gle\/4eJKCBe7pkcFho9E7\">https:\/\/forms.gle\/4eJKCBe7pkcFho9E7<\/a>.<\/p>\n<p>El primer d\u00eda, es decir el mi\u00e9rcoles 19, se abordar\u00e1 primeros auxilios comunitarios, RCP y DEA, en la que ser\u00e1 la \u00fanica jornada opcional. El jueves y viernes, en tanto, ser\u00e1n las capacitaciones obligatorias, entre las que se har\u00e1 hincapi\u00e9 en c\u00f3mo movilizar a la v\u00edctima, oxigenoterapia, claves para la comunicaci\u00f3n en emergencias, es decir todo lo que debidamente hay que hacer desde la llegada al lugar del accidente hasta el traslado del paciente.<\/p>\n","protected":false},"excerpt":{"rendered":"<p>La capacitaci\u00f3n se realizar\u00e1 entre el 19 y el 21 de octubre en el Polideportivo Municipal, a cargo de Direcci\u00f3n Nacional de Emergencias Sanitarias y bajo la coordinaci\u00f3n de la Secretar\u00eda de Salud. Se abordar\u00e1 desde c\u00f3mo atender a la v\u00edctima en un siniestro y hasta su traslado. La Secretar\u00eda de Salud inform\u00f3 que del [&hellip;]<\/p>\n","protected":false},"author":3,"featured_media":94237,"comment_status":"closed","ping_status":"closed","sticky":false,"template":"","format":"standard","meta":{"footnotes":""},"categories":[3],"tags":[],"class_list":["post-94236","post","type-post","status-publish","format-standard","has-post-thumbnail","category-masnoticias"],"_links":{"self":[{"href":"https:\/\/primicias2262.com\/noticias\/wp-json\/wp\/v2\/posts\/94236","targetHints":{"allow":["GET"]}}],"collection":[{"href":"https:\/\/primicias2262.com\/noticias\/wp-json\/wp\/v2\/posts"}],"about":[{"href":"https:\/\/primicias2262.com\/noticias\/wp-json\/wp\/v2\/types\/post"}],"author":[{"embeddable":true,"href":"https:\/\/primicias2262.com\/noticias\/wp-json\/wp\/v2\/users\/3"}],"replies":[{"embeddable":true,"href":"https:\/\/primicias2262.com\/noticias\/wp-json\/wp\/v2\/comments?post=94236"}],"version-history":[{"count":0,"href":"https:\/\/primicias2262.com\/noticias\/wp-json\/wp\/v2\/posts\/94236\/revisions"}],"wp:attachment":[{"href":"https:\/\/primicias2262.com\/noticias\/wp-json\/wp\/v2\/media?parent=94236"}],"wp:term":[{"taxonomy":"category","embeddable":true,"href":"https:\/\/primicias2262.com\/noticias\/wp-json\/wp\/v2\/categories?post=94236"},{"taxonomy":"post_tag","embeddable":true,"href":"https:\/\/primicias2262.com\/noticias\/wp-json\/wp\/v2\/tags?post=94236"}],"curies":[{"name":"wp","href":"https:\/\/api.w.org\/{rel}","templated":true}]}}