{"id":94244,"date":"2022-10-10T22:24:34","date_gmt":"2022-10-11T01:24:34","guid":{"rendered":"https:\/\/primicias2262.com\/?p=94244"},"modified":"2022-10-10T22:24:34","modified_gmt":"2022-10-11T01:24:34","slug":"miles-de-vecinos-y-turistas-acompanaron-el-corte-de-torta-al-ritmo-del-feliz-cumpleanos","status":"publish","type":"post","link":"https:\/\/primicias2262.com\/noticias\/miles-de-vecinos-y-turistas-acompanaron-el-corte-de-torta-al-ritmo-del-feliz-cumpleanos\/","title":{"rendered":"Miles de vecinos y turistas acompa\u00f1aron el corte de torta al ritmo del feliz cumplea\u00f1os"},"content":{"rendered":"<p><strong>Elaboradas por diferentes panader\u00edas de la cuidad, 13 tortas fueron colocadas estrat\u00e9gicamente en cada sector de la rotonda de la Plaza Dardo Rocha. \u201cHay que tener esperanza, teniendo en cuenta que Necochea ven\u00eda de muchos a\u00f1os en decadencia pero que as\u00ed y todo la hemos puesto de pie\u201d subray\u00f3 el intendente Arturo Rojas quien cort\u00f3 en porciones la principal para luego entreg\u00e1rselas a los m\u00e1s peque\u00f1os.<\/strong><\/p>\n<p>Con 13 tortas prolijamente distribuidas alrededor de la rotonda central de la Plaza Dardo Rocha, miles de vecinos y turistas, en familia o en grupo de amigos, le cantaron el feliz cumplea\u00f1os a Necochea, en el marco de este 141\u00ba Aniversario que se sigue celebrando a pleno desde el pasado viernes, todo al comp\u00e1s de la Banda Municipal y el artista local Juan Emilio, quien interpreta una bella canci\u00f3n de nuestra ciudad.<\/p>\n<p>En este contexto alegre, y aprovechando el sol dominguero y la buena temperatura que acompa\u00f1a, el intendente Arturo Rojas se ocup\u00f3 de cortar la torta central, junto a funcionarios y concejales, para hacerle entrega de cada porci\u00f3n a los ni\u00f1os que t\u00edmidamente se iban cercando hacia su persona.<\/p>\n<p>Luego del momento, y de sacarse algunas fotos con vecinos que se lo requer\u00edan, el jefe comunal mand\u00f3 un mensaje de aliento, al manifestar que \u201c hay que tener esperanza, saber que se puede, teniendo en cuenta que Necochea ven\u00eda de muchos a\u00f1os en decadencia pero que as\u00ed y todo la hemos puesto de pie\u201d.<\/p>\n<p>A\u00f1adi\u00f3 que \u201c esto se debe a un esfuerzo diario que lo tenemos que hacer entre todos, porque para que Necochea, Quequ\u00e9n y el interior sigan saliendo adelante debe hacerse en conjunto, con el acompa\u00f1amiento del vecino a trav\u00e9s de un trabajo mancomunado\u201d.<\/p>\n<p>\u201cNo es posible que un Intendente con su equipo de gobierno pueda reflotar una ciudad despu\u00e9s de d\u00e9cadas de letargo, eso solo se puede hacer entre todos\u201d insisti\u00f3 en sus declaraciones.<\/p>\n<p>En definitiva, Rojas reiter\u00f3 que \u201cel mensaje es de esperanza, de generar las condiciones para que haya m\u00e1s trabajo, m\u00e1s inversiones, de trabajar para potenciar el turismo que es generador de mucha mano de obra y para seguir haciendo obras que son sumamente necesarias en cada uno de los barrios, y en ese aspecto venimos tendiendo pluviales en lugares donde hac\u00eda m\u00e1s de 30 a\u00f1os no se hac\u00edan y que se inundaban ante las primeras lluvias, como as\u00ed tambi\u00e9n de agua, cloacas, de recuperaci\u00f3n de espacios p\u00fablicos, de iluminaci\u00f3n, carteler\u00eda\u201d.<\/p>\n","protected":false},"excerpt":{"rendered":"<p>Elaboradas por diferentes panader\u00edas de la cuidad, 13 tortas fueron colocadas estrat\u00e9gicamente en cada sector de la rotonda de la Plaza Dardo Rocha. \u201cHay que tener esperanza, teniendo en cuenta que Necochea ven\u00eda de muchos a\u00f1os en decadencia pero que as\u00ed y todo la hemos puesto de pie\u201d subray\u00f3 el intendente Arturo Rojas quien cort\u00f3 [&hellip;]<\/p>\n","protected":false},"author":3,"featured_media":94245,"comment_status":"closed","ping_status":"closed","sticky":false,"template":"","format":"standard","meta":{"footnotes":""},"categories":[3],"tags":[],"class_list":["post-94244","post","type-post","status-publish","format-standard","has-post-thumbnail","category-masnoticias"],"_links":{"self":[{"href":"https:\/\/primicias2262.com\/noticias\/wp-json\/wp\/v2\/posts\/94244","targetHints":{"allow":["GET"]}}],"collection":[{"href":"https:\/\/primicias2262.com\/noticias\/wp-json\/wp\/v2\/posts"}],"about":[{"href":"https:\/\/primicias2262.com\/noticias\/wp-json\/wp\/v2\/types\/post"}],"author":[{"embeddable":true,"href":"https:\/\/primicias2262.com\/noticias\/wp-json\/wp\/v2\/users\/3"}],"replies":[{"embeddable":true,"href":"https:\/\/primicias2262.com\/noticias\/wp-json\/wp\/v2\/comments?post=94244"}],"version-history":[{"count":0,"href":"https:\/\/primicias2262.com\/noticias\/wp-json\/wp\/v2\/posts\/94244\/revisions"}],"wp:attachment":[{"href":"https:\/\/primicias2262.com\/noticias\/wp-json\/wp\/v2\/media?parent=94244"}],"wp:term":[{"taxonomy":"category","embeddable":true,"href":"https:\/\/primicias2262.com\/noticias\/wp-json\/wp\/v2\/categories?post=94244"},{"taxonomy":"post_tag","embeddable":true,"href":"https:\/\/primicias2262.com\/noticias\/wp-json\/wp\/v2\/tags?post=94244"}],"curies":[{"name":"wp","href":"https:\/\/api.w.org\/{rel}","templated":true}]}}