{"id":94250,"date":"2022-10-11T19:20:14","date_gmt":"2022-10-11T22:20:14","guid":{"rendered":"https:\/\/primicias2262.com\/?p=94250"},"modified":"2022-10-11T19:20:14","modified_gmt":"2022-10-11T22:20:14","slug":"una-pareja-sufrio-un-violento-asalto-y-el-fiscal-larrarte-conto-como-se-esta-investigando","status":"publish","type":"post","link":"https:\/\/primicias2262.com\/noticias\/una-pareja-sufrio-un-violento-asalto-y-el-fiscal-larrarte-conto-como-se-esta-investigando\/","title":{"rendered":"Una pareja sufri\u00f3 un violento asalto y el fiscal Larrarte cont\u00f3 c\u00f3mo se est\u00e1 investigando"},"content":{"rendered":"<p>El fiscal Carlos Larrarte se refiri\u00f3 en \u201cVoces de la Ciudad\u201d al violento asalto sufrido por una joven pareja el pasado fin de semana en el interior de un departamento del edificio \u201cMiralejos\u201d, en 2 y 75, donde fueron sorprendidos por dos sujetos que tras amenazar al joven de la pareja con un cuchillo, se llevaron su billetera virtual y lograron acceder a una importante cifra de dinero que a\u00fan se est\u00e1 investigando.<\/p>\n<p>\u201cEs un hecho que reviste caracter\u00edsticas inusitadas por la modalidad en cuanto a lo sustra\u00eddo\u201d, marc\u00f3 Larrarte al inicio, agregando que \u201cen principio estamos determinando con las c\u00e1maras de seguridad a ver si tenemos datos sobre los presuntos autores del hecho. Y tambi\u00e9n estamos trabajando en ver la posibilidad a trav\u00e9s de los movimientos de cuentas que se realizaron el d\u00eda del hecho (viernes) si se puede tener como otro elemento para dar con la gente que llev\u00f3 a cabo el il\u00edcito\u201d.<\/p>\n<p>Ante la consulta del periodista Hugo Moller, el Dr. Larrarte insisti\u00f3 en que \u201ces una modalidad rara y apelamos a la respuesta de las empresas de criptomonedas para que nos brinden informaci\u00f3n para poder tener alg\u00fan tipo de dato de estas cuestiones que nos permitan dilucidar qui\u00e9nes son los autores y que nos permita tambi\u00e9n determinar la valuaci\u00f3n monetaria del robo\u201d.<\/p>\n<p>En cuanto a las versiones que circulaban, \u201cse pudo corroborar durante las \u00faltimas horas que los sujetos estuvieron alquilando un departamento dentro del mismo edificio para obtener informaci\u00f3n previa. Esto denota la preparaci\u00f3n que tuvo el hecho\u201d, afirm\u00f3 Larrarte.<\/p>\n<p>En el lugar, estuvieron trabajando la personal de la Comisar\u00eda Tercera, de la DDI y de la\u00a0 Polic\u00eda Cient\u00edfica, junto con personal de la Fiscal\u00eda. \u201cEl joven damnificado con el asalto alquila desde enero, es un chico muy joven y qued\u00f3 muy afectado por el hecho en el que se le aparecieron dos personas con armas blancas, lo redujeron y maniataron con precinto a \u00e9l y la novia, est\u00e1 muy afectado todav\u00eda y de a poco vamos charlando y pudiendo tomar conocimiento de algunos detalles\u201d, se\u00f1al\u00f3 el fiscal.<\/p>\n<p>Finalmente, Larrarte aport\u00f3 que \u201cestuvo bastante tiempo maniatado, m\u00e1s de dos horas seguro, es un hecho inusual y est\u00e1 caratulada la causa como robo calificado por el uso de arma blanca, que tiene previsto una pena m\u00ednima de 5 a\u00f1os y 15 de m\u00e1xima\u201d.<\/p>\n","protected":false},"excerpt":{"rendered":"<p>El fiscal Carlos Larrarte se refiri\u00f3 en \u201cVoces de la Ciudad\u201d al violento asalto sufrido por una joven pareja el pasado fin de semana en el interior de un departamento del edificio \u201cMiralejos\u201d, en 2 y 75, donde fueron sorprendidos por dos sujetos que tras amenazar al joven de la pareja con un cuchillo, se [&hellip;]<\/p>\n","protected":false},"author":3,"featured_media":94251,"comment_status":"closed","ping_status":"closed","sticky":false,"template":"","format":"standard","meta":{"footnotes":""},"categories":[3],"tags":[],"class_list":["post-94250","post","type-post","status-publish","format-standard","has-post-thumbnail","category-masnoticias"],"_links":{"self":[{"href":"https:\/\/primicias2262.com\/noticias\/wp-json\/wp\/v2\/posts\/94250","targetHints":{"allow":["GET"]}}],"collection":[{"href":"https:\/\/primicias2262.com\/noticias\/wp-json\/wp\/v2\/posts"}],"about":[{"href":"https:\/\/primicias2262.com\/noticias\/wp-json\/wp\/v2\/types\/post"}],"author":[{"embeddable":true,"href":"https:\/\/primicias2262.com\/noticias\/wp-json\/wp\/v2\/users\/3"}],"replies":[{"embeddable":true,"href":"https:\/\/primicias2262.com\/noticias\/wp-json\/wp\/v2\/comments?post=94250"}],"version-history":[{"count":0,"href":"https:\/\/primicias2262.com\/noticias\/wp-json\/wp\/v2\/posts\/94250\/revisions"}],"wp:attachment":[{"href":"https:\/\/primicias2262.com\/noticias\/wp-json\/wp\/v2\/media?parent=94250"}],"wp:term":[{"taxonomy":"category","embeddable":true,"href":"https:\/\/primicias2262.com\/noticias\/wp-json\/wp\/v2\/categories?post=94250"},{"taxonomy":"post_tag","embeddable":true,"href":"https:\/\/primicias2262.com\/noticias\/wp-json\/wp\/v2\/tags?post=94250"}],"curies":[{"name":"wp","href":"https:\/\/api.w.org\/{rel}","templated":true}]}}