{"id":94253,"date":"2022-10-11T20:20:44","date_gmt":"2022-10-11T23:20:44","guid":{"rendered":"https:\/\/primicias2262.com\/?p=94253"},"modified":"2022-10-11T20:20:44","modified_gmt":"2022-10-11T23:20:44","slug":"necochea-vive-una-situacion-muy-compleja-en-salud-hemos-pasado-a-ser-hospital-dependientes","status":"publish","type":"post","link":"https:\/\/primicias2262.com\/noticias\/necochea-vive-una-situacion-muy-compleja-en-salud-hemos-pasado-a-ser-hospital-dependientes\/","title":{"rendered":"\u201cNecochea vive una situaci\u00f3n muy compleja en salud, hemos pasado a ser \u2018hospital dependientes\u2019"},"content":{"rendered":"<p>As\u00ed lo asegur\u00f3 el titular de PAMI Necochea, Gerardo Dur\u00e1n, al reconocer que en el periodo pos pandemia hubo un crecimiento de las demandas en salud y no hay oferta que llegue a cubrirlas, y en ese contexto afirm\u00f3 que hacen falta m\u00e1s efectores privados en la ciudad. \u201cAcceder a un turno no es f\u00e1cil hoy, la demanda en salud nos super\u00f3 a todos\u201d, remarc\u00f3.<\/p>\n<p>Durante una nota realizada por el periodista Hugo Moller en los estudios de \u201cVoces de la Ciudad\u201d, Duran aclar\u00f3 primeramente que \u201cni a\u00fan en pandemia hemos dejado de atender en forma presencial en PAMI, y actualmente se asignan a diario 50 turnos programados y se atiende a esa cantidad de personas y m\u00e1s tambi\u00e9n por cuestiones espont\u00e1neas\u201d.<\/p>\n<p>Es en ese marco que revel\u00f3 que \u201cla demanda es mucha de todas las especialidades en general y pos pandemia nos hemos encontrado con que aflor\u00f3 esto desde el a\u00f1o anterior. Es una demanda desbordada y tambi\u00e9n nos encontramos con la imposibilidad de acceder a turnos cercanos, y eso hace que el afiliado tenga que esperar un tiempo largo para acceder a una atenci\u00f3n, realmente estamos atravesando por un momento bastante dif\u00edcil\u201d.<\/p>\n<p>\u201cAcceder a un turno lamentablemente no es f\u00e1cil hoy, es una problem\u00e1tica que la vengo viendo desde hace un tiempo en todos lados, ac\u00e1, en Mar del Plata y en Buenos Aires. La demanda en salud nos super\u00f3 a todos lamentablemente\u201d, asever\u00f3 Dur\u00e1n a continuaci\u00f3n.<\/p>\n<p>Ello obedece principalmente a que \u201cen el periodo de pandemia la gente dej\u00f3 de hacerse los controles de rutina que se hac\u00edan a\u00f1o tras a\u00f1o, y todo eso despert\u00f3 pos pandemia y estas son las consecuencias\u201d, se\u00f1al\u00f3, para asegurar que \u201cal afiliado de PAMI se le nota m\u00e1s por tener una poblaci\u00f3n muy grande de afiliados, a comparaci\u00f3n de otras obras sociales que tienen un n\u00famero menor de asociados\u201d.<\/p>\n<p>Ante este cuadro, Duran fue tajante al afirmar que \u201cNecochea vive una situaci\u00f3n muy compleja en cuanto a salud, pr\u00e1cticamente hemos pasado a ser \u201chospital dependientes\u201d los habitantes del distrito, pero no podemos esperar que los hospitales puedan resolver la salud de 120 mil habitantes, y la situaci\u00f3n es complicada en general. Tenemos un solo efector privado que es la Cl\u00ednica Cruz Azul y nos har\u00eda falta alguno m\u00e1s\u201d.<\/p>\n<p>Incluso, a\u00f1adi\u00f3 que \u201clos que tienen la suerte de no padecer ning\u00fan problema de salud no se imaginan la dificultad que hay para acceder a los turnos para la consulta de una especialidad, hay una demanda muy alta y no hay oferta para abastecer esa demanda\u201d.<\/p>\n<p>Finalmente sostuvo que \u201cdesde PAMI estamos por conveniar con algunos prestadores privados pero le digo a la gente que no piense que esa va a ser la soluci\u00f3n para la atenci\u00f3n de las especialidades, porque en este contexto todo va a ser poco, va a aliviar un poco la situaci\u00f3n de la salud p\u00fablica de los hospitales, pero no ser\u00e1 suficiente para solucionar un problema muy complejo\u201d.<\/p>\n","protected":false},"excerpt":{"rendered":"<p>As\u00ed lo asegur\u00f3 el titular de PAMI Necochea, Gerardo Dur\u00e1n, al reconocer que en el periodo pos pandemia hubo un crecimiento de las demandas en salud y no hay oferta que llegue a cubrirlas, y en ese contexto afirm\u00f3 que hacen falta m\u00e1s efectores privados en la ciudad. \u201cAcceder a un turno no es f\u00e1cil [&hellip;]<\/p>\n","protected":false},"author":3,"featured_media":94277,"comment_status":"closed","ping_status":"closed","sticky":false,"template":"","format":"standard","meta":{"footnotes":""},"categories":[3],"tags":[],"class_list":["post-94253","post","type-post","status-publish","format-standard","has-post-thumbnail","category-masnoticias"],"_links":{"self":[{"href":"https:\/\/primicias2262.com\/noticias\/wp-json\/wp\/v2\/posts\/94253","targetHints":{"allow":["GET"]}}],"collection":[{"href":"https:\/\/primicias2262.com\/noticias\/wp-json\/wp\/v2\/posts"}],"about":[{"href":"https:\/\/primicias2262.com\/noticias\/wp-json\/wp\/v2\/types\/post"}],"author":[{"embeddable":true,"href":"https:\/\/primicias2262.com\/noticias\/wp-json\/wp\/v2\/users\/3"}],"replies":[{"embeddable":true,"href":"https:\/\/primicias2262.com\/noticias\/wp-json\/wp\/v2\/comments?post=94253"}],"version-history":[{"count":0,"href":"https:\/\/primicias2262.com\/noticias\/wp-json\/wp\/v2\/posts\/94253\/revisions"}],"wp:attachment":[{"href":"https:\/\/primicias2262.com\/noticias\/wp-json\/wp\/v2\/media?parent=94253"}],"wp:term":[{"taxonomy":"category","embeddable":true,"href":"https:\/\/primicias2262.com\/noticias\/wp-json\/wp\/v2\/categories?post=94253"},{"taxonomy":"post_tag","embeddable":true,"href":"https:\/\/primicias2262.com\/noticias\/wp-json\/wp\/v2\/tags?post=94253"}],"curies":[{"name":"wp","href":"https:\/\/api.w.org\/{rel}","templated":true}]}}