{"id":94255,"date":"2022-10-11T19:28:38","date_gmt":"2022-10-11T22:28:38","guid":{"rendered":"https:\/\/primicias2262.com\/?p=94255"},"modified":"2022-10-11T19:28:38","modified_gmt":"2022-10-11T22:28:38","slug":"reactivan-un-programa-para-vecinos-que-no-pueden-acceder-a-un-terreno-a-valor-del-mercado","status":"publish","type":"post","link":"https:\/\/primicias2262.com\/noticias\/reactivan-un-programa-para-vecinos-que-no-pueden-acceder-a-un-terreno-a-valor-del-mercado\/","title":{"rendered":"Reactivan un programa para vecinos que no pueden acceder a un terreno a valor del mercado"},"content":{"rendered":"<p><strong>Para ello, el secretario de Obras P\u00fablicas, Adri\u00e1n Furno, la secretaria de Desarrollo Humano, Sandra Antenucci y el director de H\u00e1bitat y Vivienda, Lisandro Dones, se reunieron en la comuna con funcionaria provincial. <\/strong><\/p>\n<p><strong>Este \u00faltimo se\u00f1al\u00f3 luego del encuentro que \u201cse trata del Plan Familia Propietaria, que est\u00e1 destinado a las familias interesadas en acceder a un lote a mitad del precio fiscal, y que a su vez lo abonar\u00e1n con un plan de pago accesible, en cuotas y a muchos a\u00f1os\u201d.<\/strong><\/p>\n<p>Con el fin de recuperar para el distrito un programa habitacional para vecinos que no pueden acceder a un terreno, el Ejecutivo se reuni\u00f3 esta ma\u00f1ana en el municipio con la directora de Seguimiento de Producci\u00f3n de Suelo y H\u00e1bitat provincial, Estela Retta, donde se avanz\u00f3 al respecto.<\/p>\n<p>Luego del c\u00f3nclave desarrollado en la Secretar\u00eda de Obras P\u00fablicas, el director de H\u00e1bitat y Vivienda, Lisandro Dones, tom\u00f3 la palabra y explic\u00f3 que \u201chace unos meses que estamos gestionando y tratando de reactivar el Plan Familia Propietaria, y que tiene como destino el extracto social que no puede acceder a los precios de mercado que hoy piden por un terreno, y mucho menos construir\u201d.<\/p>\n<p>\u201cEs un programa destinado a las familias para que puedan acceder a un terreno a mitad del precio fiscal, y que a su vez lo abonar\u00e1n con un plan de pago accesible, en cuotas y a muchos a\u00f1os\u201d acot\u00f3 el funcionario, quien acompa\u00f1\u00f3 el encuentro encabezado por el secretario de Obras P\u00fablicas, Adri\u00e1n Furno y su par de Desarrollo Humano y Pol\u00edticas Sociales, Sandra Antenucci.<\/p>\n<p>Luego, Dones adelant\u00f3 que \u201cdentro de poco vamos a abrir la inscripci\u00f3n para los interesados, donde daremos a conocer los requisitos necesarios para acceder a este plan\u201d.<\/p>\n<p>En cuanto al lote disponible, se\u00f1alo que \u201cest\u00e1 ubicado en Quequ\u00e9n, y ya estamos avanzando con el plano de subdivisi\u00f3n que debemos presentarlo en la Direcci\u00f3n de la arquitecta Retta, despu\u00e9s en Catastro y en ARBA, para despu\u00e9s proceder a la entrega de los lotes que, estimamos, ser\u00e1n unos 88\u201d.<\/p>\n<p>Y cerr\u00f3: \u201cHay que destacar tambi\u00e9n que una vez que se adquiera el terreno con los beneficios que dec\u00edamos, est\u00e1 la exigencia de empezar a edificar en el plazo de dos o tres a\u00f1os\u201d.<\/p>\n","protected":false},"excerpt":{"rendered":"<p>Para ello, el secretario de Obras P\u00fablicas, Adri\u00e1n Furno, la secretaria de Desarrollo Humano, Sandra Antenucci y el director de H\u00e1bitat y Vivienda, Lisandro Dones, se reunieron en la comuna con funcionaria provincial. Este \u00faltimo se\u00f1al\u00f3 luego del encuentro que \u201cse trata del Plan Familia Propietaria, que est\u00e1 destinado a las familias interesadas en acceder [&hellip;]<\/p>\n","protected":false},"author":3,"featured_media":94256,"comment_status":"closed","ping_status":"closed","sticky":false,"template":"","format":"standard","meta":{"footnotes":""},"categories":[3],"tags":[],"class_list":["post-94255","post","type-post","status-publish","format-standard","has-post-thumbnail","category-masnoticias"],"_links":{"self":[{"href":"https:\/\/primicias2262.com\/noticias\/wp-json\/wp\/v2\/posts\/94255","targetHints":{"allow":["GET"]}}],"collection":[{"href":"https:\/\/primicias2262.com\/noticias\/wp-json\/wp\/v2\/posts"}],"about":[{"href":"https:\/\/primicias2262.com\/noticias\/wp-json\/wp\/v2\/types\/post"}],"author":[{"embeddable":true,"href":"https:\/\/primicias2262.com\/noticias\/wp-json\/wp\/v2\/users\/3"}],"replies":[{"embeddable":true,"href":"https:\/\/primicias2262.com\/noticias\/wp-json\/wp\/v2\/comments?post=94255"}],"version-history":[{"count":0,"href":"https:\/\/primicias2262.com\/noticias\/wp-json\/wp\/v2\/posts\/94255\/revisions"}],"wp:attachment":[{"href":"https:\/\/primicias2262.com\/noticias\/wp-json\/wp\/v2\/media?parent=94255"}],"wp:term":[{"taxonomy":"category","embeddable":true,"href":"https:\/\/primicias2262.com\/noticias\/wp-json\/wp\/v2\/categories?post=94255"},{"taxonomy":"post_tag","embeddable":true,"href":"https:\/\/primicias2262.com\/noticias\/wp-json\/wp\/v2\/tags?post=94255"}],"curies":[{"name":"wp","href":"https:\/\/api.w.org\/{rel}","templated":true}]}}