{"id":94275,"date":"2022-10-11T19:54:26","date_gmt":"2022-10-11T22:54:26","guid":{"rendered":"https:\/\/primicias2262.com\/?p=94275"},"modified":"2022-10-11T19:54:26","modified_gmt":"2022-10-11T22:54:26","slug":"continuan-aplicando-las-vacunas-triple-viral-y-contra-la-polio","status":"publish","type":"post","link":"https:\/\/primicias2262.com\/noticias\/continuan-aplicando-las-vacunas-triple-viral-y-contra-la-polio\/","title":{"rendered":"Contin\u00faan aplicando las vacunas Triple Viral y contra la polio"},"content":{"rendered":"<p>Hasta el 15 de noviembre las ni\u00f1as y ni\u00f1os <strong>de 1 a 4 a\u00f1os<\/strong>\u00a0podr\u00e1n\u00a0recibir una dosis extra\u00a0de la vacuna\u00a0<strong>Triple Viral y contra la Polio\u00a0<\/strong>en cualquier vacunatorio de la Provincia, tanto en los centros de vacunaci\u00f3n regulares como en los vacunatorios de la campa\u00f1a COVID-19.<\/p>\n<p>El objetivo de esta campa\u00f1a\u00a0<strong>p\u00fablica y gratuita\u00a0<\/strong>es evitar que enfermedades altamente contagiosas como el sarampi\u00f3n, la rub\u00e9ola y la poliomelitis, puedan resurgir en nuestro pa\u00eds. Si bien se trata de enfermedades que ya no circulan en Argentina; a\u00fan provocan brotes en otras partes del mundo.<\/p>\n<p>Las vacunas podr\u00e1n ser aplicadas de manera simult\u00e1nea con la vacuna contra COVID-19 y otras del calendario de vacunaci\u00f3n.<\/p>\n<p>Para m\u00e1s informaci\u00f3n, ingres\u00e1 a\u00a0 <strong><a id=\"m_761607306724548476460401286\" href=\"https:\/\/nts.embluemail.com\/p\/cl?data=%2FEPMCvB9CE50rfiItP4r5qHyO6sF6%2F66AUnVDPHoHITMrDT64GzKFIApypThFFM%2BW%2BbcS7A5%2BpSBafP8PoJZSE7h%2F8evloMgyILanxp4y3g%3D!-!6a4eq6b!-!https%3A%2F%2Fwww.gba.gob.ar%2Fvacunacion%2F%3Futm_source=emBlue%26utm_medium=email%26utm_campaign=COMUNICACION+PUBLICA%26utm_content=Contin%C3%BAa+la+Campa%C3%B1a+de+Vacunaci%C3%B3nVF--Contin%C3%BAa+la+Campa%C3%B1a+de+Vacunaci%C3%B3n+gratuita%26utm_term=11082022+Activos--6--none--90-100--ENVIO+SIMPLE\" target=\"_blank\" rel=\"noopener\" data-saferedirecturl=\"https:\/\/www.google.com\/url?q=https:\/\/nts.embluemail.com\/p\/cl?data%3D%252FEPMCvB9CE50rfiItP4r5qHyO6sF6%252F66AUnVDPHoHITMrDT64GzKFIApypThFFM%252BW%252BbcS7A5%252BpSBafP8PoJZSE7h%252F8evloMgyILanxp4y3g%253D!-!6a4eq6b!-!https%253A%252F%252Fwww.gba.gob.ar%252Fvacunacion%252F%253Futm_source%3DemBlue%2526utm_medium%3Demail%2526utm_campaign%3DCOMUNICACION%2BPUBLICA%2526utm_content%3DContin%25C3%25BAa%2Bla%2BCampa%25C3%25B1a%2Bde%2BVacunaci%25C3%25B3nVF--Contin%25C3%25BAa%2Bla%2BCampa%25C3%25B1a%2Bde%2BVacunaci%25C3%25B3n%2Bgratuita%2526utm_term%3D11082022%2BActivos--6--none--90-100--ENVIO%2BSIMPLE&amp;source=gmail&amp;ust=1665613729090000&amp;usg=AOvVaw2V6ygeNnE2pmkq_HKIC2dh\">\u00a0www.gba.gob.ar\/vacunacion\/<\/a><\/strong><\/p>\n","protected":false},"excerpt":{"rendered":"<p>Hasta el 15 de noviembre las ni\u00f1as y ni\u00f1os de 1 a 4 a\u00f1os\u00a0podr\u00e1n\u00a0recibir una dosis extra\u00a0de la vacuna\u00a0Triple Viral y contra la Polio\u00a0en cualquier vacunatorio de la Provincia, tanto en los centros de vacunaci\u00f3n regulares como en los vacunatorios de la campa\u00f1a COVID-19. El objetivo de esta campa\u00f1a\u00a0p\u00fablica y gratuita\u00a0es evitar que enfermedades altamente [&hellip;]<\/p>\n","protected":false},"author":3,"featured_media":93532,"comment_status":"closed","ping_status":"closed","sticky":false,"template":"","format":"standard","meta":{"footnotes":""},"categories":[3],"tags":[],"class_list":["post-94275","post","type-post","status-publish","format-standard","has-post-thumbnail","category-masnoticias"],"_links":{"self":[{"href":"https:\/\/primicias2262.com\/noticias\/wp-json\/wp\/v2\/posts\/94275","targetHints":{"allow":["GET"]}}],"collection":[{"href":"https:\/\/primicias2262.com\/noticias\/wp-json\/wp\/v2\/posts"}],"about":[{"href":"https:\/\/primicias2262.com\/noticias\/wp-json\/wp\/v2\/types\/post"}],"author":[{"embeddable":true,"href":"https:\/\/primicias2262.com\/noticias\/wp-json\/wp\/v2\/users\/3"}],"replies":[{"embeddable":true,"href":"https:\/\/primicias2262.com\/noticias\/wp-json\/wp\/v2\/comments?post=94275"}],"version-history":[{"count":0,"href":"https:\/\/primicias2262.com\/noticias\/wp-json\/wp\/v2\/posts\/94275\/revisions"}],"wp:attachment":[{"href":"https:\/\/primicias2262.com\/noticias\/wp-json\/wp\/v2\/media?parent=94275"}],"wp:term":[{"taxonomy":"category","embeddable":true,"href":"https:\/\/primicias2262.com\/noticias\/wp-json\/wp\/v2\/categories?post=94275"},{"taxonomy":"post_tag","embeddable":true,"href":"https:\/\/primicias2262.com\/noticias\/wp-json\/wp\/v2\/tags?post=94275"}],"curies":[{"name":"wp","href":"https:\/\/api.w.org\/{rel}","templated":true}]}}