{"id":94290,"date":"2022-10-12T15:57:51","date_gmt":"2022-10-12T18:57:51","guid":{"rendered":"https:\/\/primicias2262.com\/?p=94290"},"modified":"2022-10-12T15:57:51","modified_gmt":"2022-10-12T18:57:51","slug":"el-paro-de-los-choferes-de-micros-impacta-fuertemente-en-necochea-y-quequen","status":"publish","type":"post","link":"https:\/\/primicias2262.com\/noticias\/el-paro-de-los-choferes-de-micros-impacta-fuertemente-en-necochea-y-quequen\/","title":{"rendered":"El paro de los choferes de micros impacta fuertemente en Necochea y Quequ\u00e9n"},"content":{"rendered":"<p><strong>El servicio de transporte urbano de pasajeros no funciona en Necochea y Quequ\u00e9n desde la medianoche por un paro de los choferes de micros y reci\u00e9n se normalizar\u00e1\u00a0 el viernes a primera hora. Seg\u00fan la UTA, sindicato que nuclea a los trabajadores del rubro, se est\u00e1 en medio de una disputa, donde ni el gobierno nacional ni el provincial se hacen cargo del aumento solicitado.<\/strong><\/p>\n<p>Seg\u00fan el comunicado elevado por el sindicato que los nuclea, se agotaron todas las instancias de di\u00e1logo y la conciliaci\u00f3n obligatoria, y se asegura en un p\u00e1rrafo del escrito que los trabajadores han quedado en medio de una disputa entre el gobierno nacional y provincial, a quienes se los responsabiliza por los da\u00f1os ocasionados a los usuarios dado que ninguno de las dos partes se hace cargo del aumento salarial solicitado oportunamente.<\/p>\n<p>En otro orden, pero que sin dudas es algo que est\u00e1 atado a la problem\u00e1tica, vale recordar que el jueves pasado el Concejo Deliberante aprob\u00f3 el aumento del boleto plano a 100 pesos a partir de este mes, lo que tarda en entrar en vigencia por cuestiones burocr\u00e1ticas, mientras que habr\u00e1 un nuevo incremento en enero donde el pase pasar\u00e1 a valer 125 pesos.<\/p>\n","protected":false},"excerpt":{"rendered":"<p>El servicio de transporte urbano de pasajeros no funciona en Necochea y Quequ\u00e9n desde la medianoche por un paro de los choferes de micros y reci\u00e9n se normalizar\u00e1\u00a0 el viernes a primera hora. Seg\u00fan la UTA, sindicato que nuclea a los trabajadores del rubro, se est\u00e1 en medio de una disputa, donde ni el gobierno [&hellip;]<\/p>\n","protected":false},"author":3,"featured_media":94291,"comment_status":"closed","ping_status":"closed","sticky":false,"template":"","format":"standard","meta":{"footnotes":""},"categories":[3],"tags":[],"class_list":["post-94290","post","type-post","status-publish","format-standard","has-post-thumbnail","category-masnoticias"],"_links":{"self":[{"href":"https:\/\/primicias2262.com\/noticias\/wp-json\/wp\/v2\/posts\/94290","targetHints":{"allow":["GET"]}}],"collection":[{"href":"https:\/\/primicias2262.com\/noticias\/wp-json\/wp\/v2\/posts"}],"about":[{"href":"https:\/\/primicias2262.com\/noticias\/wp-json\/wp\/v2\/types\/post"}],"author":[{"embeddable":true,"href":"https:\/\/primicias2262.com\/noticias\/wp-json\/wp\/v2\/users\/3"}],"replies":[{"embeddable":true,"href":"https:\/\/primicias2262.com\/noticias\/wp-json\/wp\/v2\/comments?post=94290"}],"version-history":[{"count":0,"href":"https:\/\/primicias2262.com\/noticias\/wp-json\/wp\/v2\/posts\/94290\/revisions"}],"wp:attachment":[{"href":"https:\/\/primicias2262.com\/noticias\/wp-json\/wp\/v2\/media?parent=94290"}],"wp:term":[{"taxonomy":"category","embeddable":true,"href":"https:\/\/primicias2262.com\/noticias\/wp-json\/wp\/v2\/categories?post=94290"},{"taxonomy":"post_tag","embeddable":true,"href":"https:\/\/primicias2262.com\/noticias\/wp-json\/wp\/v2\/tags?post=94290"}],"curies":[{"name":"wp","href":"https:\/\/api.w.org\/{rel}","templated":true}]}}