{"id":94295,"date":"2022-10-12T16:23:00","date_gmt":"2022-10-12T19:23:00","guid":{"rendered":"https:\/\/primicias2262.com\/?p=94295"},"modified":"2022-10-12T16:23:00","modified_gmt":"2022-10-12T19:23:00","slug":"hemos-puesto-a-necochea-de-pie-y-el-norte-debe-ser-trabajar-en-conjunto-por-la-comunidad","status":"publish","type":"post","link":"https:\/\/primicias2262.com\/noticias\/hemos-puesto-a-necochea-de-pie-y-el-norte-debe-ser-trabajar-en-conjunto-por-la-comunidad\/","title":{"rendered":"\u00abHemos puesto a Necochea de pie y el norte debe ser trabajar en conjunto por la comunidad\u00bb"},"content":{"rendered":"<p><strong>A 141 a\u00f1os de aquel 12 de octubre de 1881, el intendente Arturo Rojas celebr\u00f3 el aniversario de Necochea con un mensaje conciliador, y breg\u00f3 por reconstruir los valores y principios de los fundadores de la ciudad para pensar en la calidad de vida de las futuras generaciones.<\/strong><\/p>\n<p>En una jornada espl\u00e9ndida en cuanto a condiciones clim\u00e1ticas, Rojas encabez\u00f3 las ceremonias protocolares al cumplirse 141 a\u00f1os de la fundaci\u00f3n de Necochea, d\u00eda en que el jefe comunal expres\u00f3 un amplio mensaje conciliador a todos los sectores de la ciudad con su alocuci\u00f3n al pie del monumento al General Mariano Necochea, en 59 y 58.<\/p>\n<p>La actividad se inici\u00f3 en la Parroquia Santa Mar\u00eda del Carmen, patrona de Necochea, con el tedeum que llev\u00f3 adelante el padre Fernando Mendoza, y continu\u00f3 antes de llegar a 59 y 58 con la recorrida y ofrendas florales por sendos monumentos que recuerdan a los fundadores de la ciudad, \u00c1ngel Murga en 58 y 61; y Victorio De La Canal en 57 y 60, en este caso con la presencia de nietos, bisnietos y choznos de este \u00faltimo.<\/p>\n<p><a href=\"https:\/\/primicias2262.com\/wp-content\/uploads\/2022\/10\/De-la-Canal.jpeg\"><img loading=\"lazy\" decoding=\"async\" class=\"aligncenter size-full wp-image-94298\" src=\"https:\/\/primicias2262.com\/wp-content\/uploads\/2022\/10\/De-la-Canal.jpeg\" alt=\"\" width=\"1280\" height=\"853\" \/><\/a><\/p>\n<p>Tras los gestos recordatorios en cada monumento, el Intendente cerr\u00f3 la ceremonia con sus palabras en la rotonda central, donde se\u00f1al\u00f3 que \u201choy nos toca recordar a nuestros fundadores, a esos pioneros que se unieron para lograr la fundaci\u00f3n de nuestra ciudad, seguramente no les fueron f\u00e1ciles las cosas y habr\u00e1n tenido sus diferencias, pero lograron trazar un norte y un objetivo com\u00fan basado en principios y valores para poder construir los cimientos de Necochea\u201d.<\/p>\n<p>\u201cEsta es una ciudad que a lo largo del tiempo ha tenido \u00e9pocas brillantes y otras no tanto, y hoy la responsabilidad de los que nos toca vivir en este momento es volver a los or\u00edgenes y a reconstruir los cimientos en base a esos valores y principios, y empezar a pensar en nuestro futuro, en los pr\u00f3ximos 30 o 40 a\u00f1os, para que nuestros hijos y nietos tengan una ciudad mucho m\u00e1s pr\u00f3spera y con m\u00e1s oportunidades\u201d, agreg\u00f3.<\/p>\n<p>Para ello, Rojas enfatiz\u00f3 que \u201ccomo intendente me toca liderar este momento en el que tenemos que convocar a todas las instituciones y fuerzas vivas de la ciudad, a todos los espacios pol\u00edticos y principalmente a todos los vecinos a que podamos construir ese futuro desde este presente. Poder construir una ciudad mucho m\u00e1s inclusiva y que le d\u00e9 la posibilidad a los chicos de los barrios, a aquellos que no tienen la posibilidad de tener una educaci\u00f3n o una oferta educativa de calidad\u201d.<\/p>\n<p>Asimismo, inst\u00f3 a \u201ctrabajar para que en nuestra ciudad cada vez haya m\u00e1s j\u00f3venes con la posibilidad de estudiar y recibirse; para que haya m\u00e1s inversiones; para que siga creciendo nuestro puerto y para recuperar el brillo y los servicios para que haya m\u00e1s turismo, que es generador de mucha mano de obra\u201d.<\/p>\n<p>El jefe comunal no soslay\u00f3 que a\u00fan \u201chay much\u00edsimo por hacer y temas por concretar, algunos trascendentales que tenemos que gestionar en conjunto porque no hay posibilidad que un Estado Municipal los pueda llevar adelante con recursos propios\u201d, y en ese sentido apunt\u00f3 que \u201ca pesar de que la Constituci\u00f3n prev\u00e9 que los municipios tengamos autonom\u00eda, lamentablemente en la Provincia de Buenos Aires no la tenemos plenamente y no hay una descentralizaci\u00f3n de los recursos como s\u00ed ocurre en otras provincias, donde se recauda de abajo para arriba\u201d.<\/p>\n<p>Argument\u00f3 al respecto que \u201cac\u00e1 lo que aportamos todos los vecinos, el sector productivo, portuario y cada sector econ\u00f3mico va en impuestos a la Naci\u00f3n y Provincia y lo que vuelve muchas veces es muy poco\u201d, y si bien aclar\u00f3 que \u201cesto no es un reclamo al gobierno provincial y nacional de turno, porque no estoy hablando de colores pol\u00edticos\u201d, dej\u00f3 por sentado que \u201cesto tiene que ser un reclamo de la pol\u00edtica, para que cada vez tengamos m\u00e1s recursos para hacer las obras que necesitamos en la ciudad y en cada barrio\u201d.<\/p>\n","protected":false},"excerpt":{"rendered":"<p>A 141 a\u00f1os de aquel 12 de octubre de 1881, el intendente Arturo Rojas celebr\u00f3 el aniversario de Necochea con un mensaje conciliador, y breg\u00f3 por reconstruir los valores y principios de los fundadores de la ciudad para pensar en la calidad de vida de las futuras generaciones. En una jornada espl\u00e9ndida en cuanto a [&hellip;]<\/p>\n","protected":false},"author":3,"featured_media":94296,"comment_status":"closed","ping_status":"closed","sticky":false,"template":"","format":"standard","meta":{"footnotes":""},"categories":[3],"tags":[],"class_list":["post-94295","post","type-post","status-publish","format-standard","has-post-thumbnail","category-masnoticias"],"_links":{"self":[{"href":"https:\/\/primicias2262.com\/noticias\/wp-json\/wp\/v2\/posts\/94295","targetHints":{"allow":["GET"]}}],"collection":[{"href":"https:\/\/primicias2262.com\/noticias\/wp-json\/wp\/v2\/posts"}],"about":[{"href":"https:\/\/primicias2262.com\/noticias\/wp-json\/wp\/v2\/types\/post"}],"author":[{"embeddable":true,"href":"https:\/\/primicias2262.com\/noticias\/wp-json\/wp\/v2\/users\/3"}],"replies":[{"embeddable":true,"href":"https:\/\/primicias2262.com\/noticias\/wp-json\/wp\/v2\/comments?post=94295"}],"version-history":[{"count":0,"href":"https:\/\/primicias2262.com\/noticias\/wp-json\/wp\/v2\/posts\/94295\/revisions"}],"wp:attachment":[{"href":"https:\/\/primicias2262.com\/noticias\/wp-json\/wp\/v2\/media?parent=94295"}],"wp:term":[{"taxonomy":"category","embeddable":true,"href":"https:\/\/primicias2262.com\/noticias\/wp-json\/wp\/v2\/categories?post=94295"},{"taxonomy":"post_tag","embeddable":true,"href":"https:\/\/primicias2262.com\/noticias\/wp-json\/wp\/v2\/tags?post=94295"}],"curies":[{"name":"wp","href":"https:\/\/api.w.org\/{rel}","templated":true}]}}