{"id":94301,"date":"2022-10-12T16:29:08","date_gmt":"2022-10-12T19:29:08","guid":{"rendered":"https:\/\/primicias2262.com\/?p=94301"},"modified":"2022-10-12T16:29:08","modified_gmt":"2022-10-12T19:29:08","slug":"ideler-cavagnaro-fue-nominado-al-premio-joven-empresario-por-parte-de-la-feba","status":"publish","type":"post","link":"https:\/\/primicias2262.com\/noticias\/ideler-cavagnaro-fue-nominado-al-premio-joven-empresario-por-parte-de-la-feba\/","title":{"rendered":"Ideler Cavagnaro fue nominado al premio Joven Empresario por parte de la FEBA"},"content":{"rendered":"<p>Uno de los integrantes de la familia Cavagnaro, Ideler, recibi\u00f3 la menci\u00f3n en Buenos Aires de parte de la Federaci\u00f3n Econ\u00f3mica de la Provincia de Buenos Aires y coment\u00f3 en \u201cVoces de la Ciudad\u201d los objetivos por delante para la instituci\u00f3n educativa que ya tiene m\u00e1s de 30 a\u00f1os en Necochea.<\/p>\n<p>A trav\u00e9s de una nota telef\u00f3nica realizada por el periodista Hugo Moller, Ideler Cavagnaro se refiri\u00f3 primeramente al premio al contextualizar que \u201csomos parte de AIEPBA, que es la Asociaci\u00f3n de Colegios Privados de la Provincia de Buenos Aires y ellos tienen un convenio con CAME (Confederaci\u00f3n Argentina de la Mediana Empresa), y la comisi\u00f3n directiva de la FEBA me eligi\u00f3 como representante de la Asociaci\u00f3n para participar de este premio en la categor\u00eda Convivencia generacional\u201d.<\/p>\n<p>El reconocimiento se realiz\u00f3 en Buenos Aires, \u201cdonde todos los nominados al premio participaron, fue un evento grandioso donde a uno se le permiti\u00f3 vincularse y relacionarse con muchos emprendimientos, pymes, proyectos y tecnolog\u00edas nuevas, lo que ayuda a visualizar qu\u00e9 es lo que hoy en d\u00eda est\u00e1 en boga en relaci\u00f3n a los intereses de la producci\u00f3n la econom\u00eda y el desarrollo nacional, que en nuestro caso nos compete el rubro de la educaci\u00f3n\u201d, relat\u00f3 Ideler.<\/p>\n<p>Al hablar sobre el Colegio, el joven asegur\u00f3 que \u201cestamos en un proceso de trasvasamiento generacional en el cual se vendr\u00eda a desarrollar la segunda generaci\u00f3n del colegio, es decir, yo conjuntamente con mis hermanos, siguiendo los pasos de Carlos, que es un gran desaf\u00edo porque es una instituci\u00f3n con 35 a\u00f1os de historia educativa que representa a la hermosa ciudad que tenemos con una identidad que tiene que perdurar, que es la identidad deportiva\u201d.<\/p>\n<p>Agreg\u00f3 que \u201ctenemos una comunidad educativa de alrededor de 1200 personas, entre alumnos, docentes y las carreras terciarias Psicopedagog\u00eda y Trabajo Social, y este a\u00f1o abrimos el Profesorado de Educaci\u00f3n Especial\u201d.<\/p>\n<p>En cuanto a actividades institucionales con el Mundial de F\u00fatbol Qatar 2022 a la vuelta de la esquina, Cavagnaro cont\u00f3 que \u201csimulamos en Mundialito en el complejo de Jorge Poulsen con docentes, alumnos y todas las familias, hicimos un torneo de padres y hubo casi 4 mil personas que no solo simularon un mundial, sino que adem\u00e1s aprendieron. Lo que nos importa es ense\u00f1ar y el Mundial nos permite justamente pensar la geograf\u00eda, la econom\u00eda y un mont\u00f3n de cosas de muchos pa\u00edses del mundo\u201d.<\/p>\n<p>Reconoci\u00f3 al respecto que \u201cse vive un clima especial porque el ni\u00f1o o ni\u00f1a y adolescente tienen una motivaci\u00f3n incre\u00edble con el mundial y hay que aprovechar esas oportunidades donde se frena el mundo por esos eventos y utilizarlos a favor de la ense\u00f1anza, m\u00e1s hoy en d\u00eda cuando los intereses se han diversificado un mont\u00f3n y cuesta motivar a los j\u00f3venes. Hay nuevas tecnolog\u00edas, medios digitales y nuevas formas de entretenimiento que generan otro tipo de atenci\u00f3n que nosotros con mucho trabajo seguimos cautivando\u201d.<\/p>\n<p>En lo concerniente al proyecto de calle 68 y 57, a la vuelta del colegio y en la misma manzana, Ideler cont\u00f3 que \u201cest\u00e1 el Estadio Cavagnaro, que es la construcci\u00f3n m\u00e1s grande que hemos hecho y tenemos la idea de continuar esta identidad vinculada al deporte\u00bb<\/p>\n<p>\u00abEn nuestras bases creemos que el deporte forma parte de la educaci\u00f3n y eso nos permiti\u00f3 desarrollar tantos j\u00f3venes destacados que hoy en d\u00eda est\u00e1n en el mundo, por eso decimos que una de nuestras grandes frases es \u201cde Necochea al mundo\u201d, as\u00ed que se har\u00e1 un estadio multideportes donde adem\u00e1s de poder desarrollar todas las disciplinas se har\u00e1n espect\u00e1culos y eventos masivos\u201d, indic\u00f3.<\/p>\n<p>\u201cEl proyecto va a terminar en 2023 y haremos un evento masivo para festejar este gran logro que se inici\u00f3 durante el periodo de la pandemia\u201d, concluy\u00f3 con alegr\u00eda Cavagnaro.<\/p>\n","protected":false},"excerpt":{"rendered":"<p>Uno de los integrantes de la familia Cavagnaro, Ideler, recibi\u00f3 la menci\u00f3n en Buenos Aires de parte de la Federaci\u00f3n Econ\u00f3mica de la Provincia de Buenos Aires y coment\u00f3 en \u201cVoces de la Ciudad\u201d los objetivos por delante para la instituci\u00f3n educativa que ya tiene m\u00e1s de 30 a\u00f1os en Necochea. A trav\u00e9s de una [&hellip;]<\/p>\n","protected":false},"author":3,"featured_media":94302,"comment_status":"closed","ping_status":"closed","sticky":false,"template":"","format":"standard","meta":{"footnotes":""},"categories":[3],"tags":[],"class_list":["post-94301","post","type-post","status-publish","format-standard","has-post-thumbnail","category-masnoticias"],"_links":{"self":[{"href":"https:\/\/primicias2262.com\/noticias\/wp-json\/wp\/v2\/posts\/94301","targetHints":{"allow":["GET"]}}],"collection":[{"href":"https:\/\/primicias2262.com\/noticias\/wp-json\/wp\/v2\/posts"}],"about":[{"href":"https:\/\/primicias2262.com\/noticias\/wp-json\/wp\/v2\/types\/post"}],"author":[{"embeddable":true,"href":"https:\/\/primicias2262.com\/noticias\/wp-json\/wp\/v2\/users\/3"}],"replies":[{"embeddable":true,"href":"https:\/\/primicias2262.com\/noticias\/wp-json\/wp\/v2\/comments?post=94301"}],"version-history":[{"count":0,"href":"https:\/\/primicias2262.com\/noticias\/wp-json\/wp\/v2\/posts\/94301\/revisions"}],"wp:attachment":[{"href":"https:\/\/primicias2262.com\/noticias\/wp-json\/wp\/v2\/media?parent=94301"}],"wp:term":[{"taxonomy":"category","embeddable":true,"href":"https:\/\/primicias2262.com\/noticias\/wp-json\/wp\/v2\/categories?post=94301"},{"taxonomy":"post_tag","embeddable":true,"href":"https:\/\/primicias2262.com\/noticias\/wp-json\/wp\/v2\/tags?post=94301"}],"curies":[{"name":"wp","href":"https:\/\/api.w.org\/{rel}","templated":true}]}}