{"id":94322,"date":"2022-10-13T15:52:47","date_gmt":"2022-10-13T18:52:47","guid":{"rendered":"https:\/\/primicias2262.com\/?p=94322"},"modified":"2022-10-13T15:52:47","modified_gmt":"2022-10-13T18:52:47","slug":"la-canasta-basica-de-alimentos-sigue-en-aumento-en-necochea-y-la-inflacion-interanual-roza-el-100","status":"publish","type":"post","link":"https:\/\/primicias2262.com\/noticias\/la-canasta-basica-de-alimentos-sigue-en-aumento-en-necochea-y-la-inflacion-interanual-roza-el-100\/","title":{"rendered":"La canasta b\u00e1sica de alimentos sigue en aumento en Necochea y la inflaci\u00f3n interanual roza el 100%"},"content":{"rendered":"<p>As\u00ed lo confirm\u00f3 el Licenciado Javier Collia, integrante de la Consultora Bicentenario SA, durante una nota telef\u00f3nica en \u201cVoces de la Ciudad\u201d, realizada por el periodista Jorge G\u00f3mez.<\/p>\n<p>Un 6,38 % fue el aumento de la Canasta B\u00e1sica de Alimentos en Necochea respecto a agosto, y acerca de ello Collia coment\u00f3 primeramente que \u201csiempre hacemos este relevamiento en diez comercios de Necochea y Quequ\u00e9n, con la idea de poder calcular cu\u00e1nto es lo que necesita una familia en sus hogares para poder ser considerada indigente o ser considerada pobre o clase media\u201d.<\/p>\n<p>Acto seguido, referenci\u00f3 que \u201ceste \u00edndice de 6,38% tambi\u00e9n nos permite poder calcular cu\u00e1nto es lo que necesita una familia de cuatro personas compuesta por dos adultos y dos menores para no ser considerada indigente, y hoy en d\u00eda nos da que se necesitan 62.699 pesos como m\u00ednimo para no ser indigente\u201d.<\/p>\n<p>En tanto, estim\u00f3 que \u201cquien tenga ingresos superiores de ese importe hasta 124.771 pesos entrar\u00eda en el umbral de la pobreza, que es lo que necesitar\u00eda una familia para poder completar la canasta b\u00e1sica alimentaria ampliada, donde entran 12 \u00edtems que componen el \u00edndice de inflaci\u00f3n\u201d.<\/p>\n<p>Justamente respecto de la inflaci\u00f3n, el licenciado inform\u00f3 que \u201cen estos nueve meses del a\u00f1o el incremento nos da un 73,25% y si se toma el interanual de octubre 2021 hasta septiembre inclusive de este a\u00f1o inclusive, nos da que el incremento es del 90,23%\u201d.<\/p>\n<p>\u201cLa realidad es que el c\u00e1lculo matem\u00e1tico nos da para este a\u00f1o un piso del 100% de inflaci\u00f3n, es m\u00e1s, creo que vamos a estar entre 100 y 105%, es una gran problem\u00e1tica y las paritarias van quedando atrasadas porque no todos pueden aumentar un 100% la n\u00f3mina salarial\u201d, concluy\u00f3 el economista.<\/p>\n","protected":false},"excerpt":{"rendered":"<p>As\u00ed lo confirm\u00f3 el Licenciado Javier Collia, integrante de la Consultora Bicentenario SA, durante una nota telef\u00f3nica en \u201cVoces de la Ciudad\u201d, realizada por el periodista Jorge G\u00f3mez. Un 6,38 % fue el aumento de la Canasta B\u00e1sica de Alimentos en Necochea respecto a agosto, y acerca de ello Collia coment\u00f3 primeramente que \u201csiempre hacemos [&hellip;]<\/p>\n","protected":false},"author":3,"featured_media":86675,"comment_status":"closed","ping_status":"closed","sticky":false,"template":"","format":"standard","meta":{"footnotes":""},"categories":[3],"tags":[],"class_list":["post-94322","post","type-post","status-publish","format-standard","has-post-thumbnail","category-masnoticias"],"_links":{"self":[{"href":"https:\/\/primicias2262.com\/noticias\/wp-json\/wp\/v2\/posts\/94322","targetHints":{"allow":["GET"]}}],"collection":[{"href":"https:\/\/primicias2262.com\/noticias\/wp-json\/wp\/v2\/posts"}],"about":[{"href":"https:\/\/primicias2262.com\/noticias\/wp-json\/wp\/v2\/types\/post"}],"author":[{"embeddable":true,"href":"https:\/\/primicias2262.com\/noticias\/wp-json\/wp\/v2\/users\/3"}],"replies":[{"embeddable":true,"href":"https:\/\/primicias2262.com\/noticias\/wp-json\/wp\/v2\/comments?post=94322"}],"version-history":[{"count":0,"href":"https:\/\/primicias2262.com\/noticias\/wp-json\/wp\/v2\/posts\/94322\/revisions"}],"wp:attachment":[{"href":"https:\/\/primicias2262.com\/noticias\/wp-json\/wp\/v2\/media?parent=94322"}],"wp:term":[{"taxonomy":"category","embeddable":true,"href":"https:\/\/primicias2262.com\/noticias\/wp-json\/wp\/v2\/categories?post=94322"},{"taxonomy":"post_tag","embeddable":true,"href":"https:\/\/primicias2262.com\/noticias\/wp-json\/wp\/v2\/tags?post=94322"}],"curies":[{"name":"wp","href":"https:\/\/api.w.org\/{rel}","templated":true}]}}