{"id":94326,"date":"2022-10-13T16:01:14","date_gmt":"2022-10-13T19:01:14","guid":{"rendered":"https:\/\/primicias2262.com\/?p=94326"},"modified":"2022-10-13T16:01:14","modified_gmt":"2022-10-13T19:01:14","slug":"este-viernes-se-abre-una-nueva-edicion-del-salon-de-arte-angel-i-murga","status":"publish","type":"post","link":"https:\/\/primicias2262.com\/noticias\/este-viernes-se-abre-una-nueva-edicion-del-salon-de-arte-angel-i-murga\/","title":{"rendered":"Este viernes se abre una nueva edici\u00f3n del Sal\u00f3n de Arte \u00abAngel I. Murga\u00bb"},"content":{"rendered":"<p><em>\u00a0<\/em><strong>Este fin de semana tambi\u00e9n habr\u00e1 Feria de cachivaches, cine y milonga en el Centro Cultural<\/strong><\/p>\n<p><em>\u00a0<\/em>El Centro Cultural Necochea Biblioteca Popular Andr\u00e9s Ferreyra (CCN\/BPAF) los invita a disfrutar de las actividades organizadas para viernes y s\u00e1bado pr\u00f3ximos que incluyen un abanico de propuestas para todos los p\u00fablicos. Varias son gratuitas, y otras con entradas cuyo valor es muy accesible.<\/p>\n<p><strong><u>Viernes 14 de octubre: <\/u><\/strong><\/p>\n<p>Edici\u00f3n especial de la <strong>Eco Feria D\u00eda de la Madre<\/strong>. Productores locales exponen y venden sus art\u00edculos. Gran variedad de productos, todos artesanales y de excelente calidad, pensados para agasajar a las madres en su d\u00eda. Abrir\u00e1 a las <strong>10:00 horas hasta las 14:00 horas<\/strong>. Habr\u00e1 stands que recibir\u00e1n tarjetas y pagos por billeteras virtuales.<\/p>\n<p>El viernes tambi\u00e9n, habr\u00e1 un nuevo ciclo <strong>Cine del Centro Cultural<\/strong>, Ciclo #11-Thriller Psicol\u00f3gico Franc\u00e9s, con la proyecci\u00f3n de dos pel\u00edculas.<\/p>\n<p>A las <strong>19.00 horas<\/strong>: L\u00b4heure de la sortie (2018) de S\u00e9bastien Marnier (Sinopsis: Pierre, profesor interino, debe hacerse cargo de una clase formada por adolescentes con alto coeficiente intelectual, despu\u00e9s de que el antiguo tutor haya sufrido un tr\u00e1gico incidente. Pierre se percata del car\u00e1cter hostil de seis estudiantes, que parecen estar tramando algo, y se obsesiona con ellos).<\/p>\n<p><strong>A las 20:45 horas<\/strong>:Trois Jours et une vie (2019) de Nicolas Boukhrief. (Sinopsis: En v\u00edsperas de la navidad de 1999, el peque\u00f1o pueblo de Olloy, en la regi\u00f3n de las Ardenas belgas, la enigm\u00e1tica desaparici\u00f3n en un bosque cercano, de R\u00e9mi Desmedt, un ni\u00f1o de seis a\u00f1os, siembra la incertidumbre y el miedo en una poblaci\u00f3n muy atenta a los rumores y siempre suspicaz ante toda persona ajena al terru\u00f1o. Se manejan varias hip\u00f3tesis para dilucidar el misterio, entre ellas la posibilidad de un secuestro o un crimen. La \u00fanica persona capaz de aportar una respuesta en este asunto es Antoine, un adolescente de 12 a\u00f1os, amigo y compa\u00f1ero de juegos de la v\u00edctima, testigo de esa desaparici\u00f3n de la que \u00e9l mismo carga una responsabilidad dolorosamente secreta).<\/p>\n<p>En el auditorio, planta baja. Entrada gratis para socios. Bono contribuci\u00f3n de 150$ para no socios.<\/p>\n<p><em>\u00a0<\/em>A las <strong>20:00 horas<\/strong>, se producir\u00e1 la inauguraci\u00f3n de la edici\u00f3n N\u00b0 41 del <strong>Sal\u00f3n Anual de Arte \u201c\u00c1ngel I. Murga\u201d. <\/strong>Muestra colectiva que se realiza todos los a\u00f1os (desde 1981) en el marco del mes Aniversario de Necochea. En esta edici\u00f3n participar\u00e1n m\u00e1s de 70 artistas que utilizaron diferentes t\u00e9cnicas en sus obras.<\/p>\n<p>Sala Pedro Arozarena. Primer Piso. Entrada gratuita.<\/p>\n<p><strong>\u00a0<\/strong><strong><u>S\u00e1bado 15 de octubre: <\/u><\/strong><\/p>\n<p><strong>Feria de cachivaches <\/strong>desde las <strong>14:00 horas<\/strong>. Numerosos stands expondr\u00e1n y vender\u00e1n la m\u00e1s variada oferta de art\u00edculos con historia (antig\u00fcedades, juguetes, l\u00e1mparas, utensillos, etc). Participar\u00e1n comerciantes dedicados al rubro, particulares, adem\u00e1s del CCN\/BPAF con su propia mesa de productos y la Escuela Provincial de Artes Orilla del Quequ\u00e9n.<\/p>\n<p>Sal\u00f3n Multiespacio. Planta baja. Entrada gratuita a la feria.<\/p>\n<p>A las <strong>20:00 horas<\/strong>, comienza el baile con <strong>La Cultural Milonga . <\/strong>A las <strong>20 horas<\/strong>: clase de\u00a0 tango: profesores invitados:Romina Silvia Barni y Mart\u00edn V\u00e1squez . Propuesta de clase : \u201cC\u00f3digos milongueros y recursos para espacio reducido\u201d\u00a0 (iniciantes\/intermedios) .<strong> 21:15 horas: <\/strong>Arranca la milonga. TDJ invitado : Santiago Betanzo. Exhibici\u00f3n de profesores invitados. Como siempre servicio de cantina con precios populares.\u00a0 Detr\u00e1s de c\u00e1mara : Andr\u00e9s Sanchez fotografia. Organizan: Agustina Russo y Mat\u00edas Alvarez.<\/p>\n<p>En el auditorio. planta baja.<br \/>\nEntradas: Clase $400. Milonga $500. Clase + milonga $800<\/p>\n","protected":false},"excerpt":{"rendered":"<p>\u00a0Este fin de semana tambi\u00e9n habr\u00e1 Feria de cachivaches, cine y milonga en el Centro Cultural \u00a0El Centro Cultural Necochea Biblioteca Popular Andr\u00e9s Ferreyra (CCN\/BPAF) los invita a disfrutar de las actividades organizadas para viernes y s\u00e1bado pr\u00f3ximos que incluyen un abanico de propuestas para todos los p\u00fablicos. Varias son gratuitas, y otras con entradas [&hellip;]<\/p>\n","protected":false},"author":3,"featured_media":93943,"comment_status":"closed","ping_status":"closed","sticky":false,"template":"","format":"standard","meta":{"footnotes":""},"categories":[3],"tags":[],"class_list":["post-94326","post","type-post","status-publish","format-standard","has-post-thumbnail","category-masnoticias"],"_links":{"self":[{"href":"https:\/\/primicias2262.com\/noticias\/wp-json\/wp\/v2\/posts\/94326","targetHints":{"allow":["GET"]}}],"collection":[{"href":"https:\/\/primicias2262.com\/noticias\/wp-json\/wp\/v2\/posts"}],"about":[{"href":"https:\/\/primicias2262.com\/noticias\/wp-json\/wp\/v2\/types\/post"}],"author":[{"embeddable":true,"href":"https:\/\/primicias2262.com\/noticias\/wp-json\/wp\/v2\/users\/3"}],"replies":[{"embeddable":true,"href":"https:\/\/primicias2262.com\/noticias\/wp-json\/wp\/v2\/comments?post=94326"}],"version-history":[{"count":0,"href":"https:\/\/primicias2262.com\/noticias\/wp-json\/wp\/v2\/posts\/94326\/revisions"}],"wp:attachment":[{"href":"https:\/\/primicias2262.com\/noticias\/wp-json\/wp\/v2\/media?parent=94326"}],"wp:term":[{"taxonomy":"category","embeddable":true,"href":"https:\/\/primicias2262.com\/noticias\/wp-json\/wp\/v2\/categories?post=94326"},{"taxonomy":"post_tag","embeddable":true,"href":"https:\/\/primicias2262.com\/noticias\/wp-json\/wp\/v2\/tags?post=94326"}],"curies":[{"name":"wp","href":"https:\/\/api.w.org\/{rel}","templated":true}]}}