{"id":94329,"date":"2022-10-13T21:07:16","date_gmt":"2022-10-14T00:07:16","guid":{"rendered":"https:\/\/primicias2262.com\/?p=94329"},"modified":"2022-10-13T21:07:16","modified_gmt":"2022-10-14T00:07:16","slug":"nacional-de-futbol-el-sub-15-de-necochea-empato-con-tres-arroyos","status":"publish","type":"post","link":"https:\/\/primicias2262.com\/noticias\/nacional-de-futbol-el-sub-15-de-necochea-empato-con-tres-arroyos\/","title":{"rendered":"Nacional de F\u00fatbol: el sub 15 de Necochea empat\u00f3 con Tres Arroyos"},"content":{"rendered":"<p>El Sub 15 de Necochea, con mayor\u00eda de suplentes, empat\u00f3 1 a 1 con Tres Arroyos en el cierre de la zona 3 de la Regi\u00f3n Pampeana Sur, en el marco del Torneo Nacional de Selecciones de Ligas.<\/p>\n<p>El combinado local, que ya hab\u00eda logrado la clasificaci\u00f3n a la pr\u00f3xima instancia en su anterior presentaci\u00f3n ante Miramar, hizo las veces de local en la cancha de Mataderos y el \u00fanico tanto fue se\u00f1alado por Tob\u00edas Ponce, de cabeza, en la etapa inicial.<\/p>\n<p><a href=\"https:\/\/primicias2262.com\/wp-content\/uploads\/2022\/10\/WhatsApp-Image-2022-10-13-at-9.00.29-PM.jpeg\"><img loading=\"lazy\" decoding=\"async\" class=\"aligncenter size-full wp-image-94330\" src=\"https:\/\/primicias2262.com\/wp-content\/uploads\/2022\/10\/WhatsApp-Image-2022-10-13-at-9.00.29-PM.jpeg\" alt=\"\" width=\"1280\" height=\"847\" \/><\/a><\/p>\n<p>El conjunto dirigido por Carlos Daniel Fern\u00e1ndez y Maximiliano Montiel form\u00f3 con Vladimir Schmidt en el arco; Jeremias Castro, I\u00f1aki Cami\u00f1a Portugal, Agustin Ibarguren y Benjam\u00edn Bibbo en la defensa; Aytor Villarreal, Joaquin Rote\u00f1o, Tobias Ponce y Gin\u00e9s Vallejo en el medio; Caetano Santana Sena y Valentin Mu\u00f1oz en el ataque.<\/p>\n<p>As\u00ed las cosas, en la zona 3 Necochea sum\u00f3 10 unidades, Tres Arroyos 5 y Miramar 1 punto. Ahora resta conocer cu\u00e1l ser\u00e1 el pr\u00f3ximo rival del representante de nuestra ciudad.<\/p>\n<p><strong>FOTOS: Nicol\u00e1s Di Fiori<\/strong><\/p>\n","protected":false},"excerpt":{"rendered":"<p>El Sub 15 de Necochea, con mayor\u00eda de suplentes, empat\u00f3 1 a 1 con Tres Arroyos en el cierre de la zona 3 de la Regi\u00f3n Pampeana Sur, en el marco del Torneo Nacional de Selecciones de Ligas. El combinado local, que ya hab\u00eda logrado la clasificaci\u00f3n a la pr\u00f3xima instancia en su anterior presentaci\u00f3n [&hellip;]<\/p>\n","protected":false},"author":3,"featured_media":94331,"comment_status":"closed","ping_status":"closed","sticky":false,"template":"","format":"standard","meta":{"footnotes":""},"categories":[3],"tags":[],"class_list":["post-94329","post","type-post","status-publish","format-standard","has-post-thumbnail","category-masnoticias"],"_links":{"self":[{"href":"https:\/\/primicias2262.com\/noticias\/wp-json\/wp\/v2\/posts\/94329","targetHints":{"allow":["GET"]}}],"collection":[{"href":"https:\/\/primicias2262.com\/noticias\/wp-json\/wp\/v2\/posts"}],"about":[{"href":"https:\/\/primicias2262.com\/noticias\/wp-json\/wp\/v2\/types\/post"}],"author":[{"embeddable":true,"href":"https:\/\/primicias2262.com\/noticias\/wp-json\/wp\/v2\/users\/3"}],"replies":[{"embeddable":true,"href":"https:\/\/primicias2262.com\/noticias\/wp-json\/wp\/v2\/comments?post=94329"}],"version-history":[{"count":0,"href":"https:\/\/primicias2262.com\/noticias\/wp-json\/wp\/v2\/posts\/94329\/revisions"}],"wp:attachment":[{"href":"https:\/\/primicias2262.com\/noticias\/wp-json\/wp\/v2\/media?parent=94329"}],"wp:term":[{"taxonomy":"category","embeddable":true,"href":"https:\/\/primicias2262.com\/noticias\/wp-json\/wp\/v2\/categories?post=94329"},{"taxonomy":"post_tag","embeddable":true,"href":"https:\/\/primicias2262.com\/noticias\/wp-json\/wp\/v2\/tags?post=94329"}],"curies":[{"name":"wp","href":"https:\/\/api.w.org\/{rel}","templated":true}]}}