{"id":94345,"date":"2022-10-14T13:30:20","date_gmt":"2022-10-14T16:30:20","guid":{"rendered":"https:\/\/primicias2262.com\/?p=94345"},"modified":"2022-10-14T13:30:20","modified_gmt":"2022-10-14T16:30:20","slug":"pilar-vitale-se-postulo-para-ser-presidenta-de-la-usina","status":"publish","type":"post","link":"https:\/\/primicias2262.com\/noticias\/pilar-vitale-se-postulo-para-ser-presidenta-de-la-usina\/","title":{"rendered":"Pilar Vitale se postul\u00f3 para ser presidenta de la Usina"},"content":{"rendered":"<p><strong>En v\u00edsperas de la asamblea anual ordinaria, en la que se renovar\u00e1 parcialmente el cuerpo de consejeros titulares, la actual vice de la concesionaria el\u00e9ctrica dijo que \u201ctengo el apoyo y puedo conducir la UPC\u201d de Necochea<\/strong><\/p>\n<p>As\u00ed lo afirm\u00f3 Pilar Viale en el programa de radio \u201cVoces de la Ciudad\u201d en di\u00e1logo con el periodista Jorge G\u00f3mez, donde no ocult\u00f3 la dif\u00edcil situaci\u00f3n de la cooperativa el\u00e9ctrica y apunt\u00f3 a la presidenta actual del consejo de administraci\u00f3n, Marta Guariglia, al referir que \u201ces alguien que no se deja ayudar\u201d.<\/p>\n<p>Asoma la asamblea anual ordinaria de la Usina de Necochea para la pr\u00f3xima semana -viernes 21 de octubre- y en medio de una situaci\u00f3n muy complicada de la cooperativa el\u00e9ctrica, una de sus hist\u00f3ricas dirigentes y actual vicepresidenta, Pilar Vitale confirm\u00f3 en \u201cVoces de la Ciudad\u201d que ser\u00e1 candidata a presidenta, cargo para el que asegur\u00f3 que \u201cestoy preparada\u201d.<\/p>\n<p>Al hablar del contexto actual de la concesionaria, Pilar Vitale fue clara al afirmar que \u201cveo mal la situaci\u00f3n de la cooperativa. Necesita una recuperaci\u00f3n y que estemos muy cerca de los problemas que tiene. Tenemos una deuda muy grande con Camessa, que es el organismo que nos provee la energ\u00eda y hay un desmanejo\u201d, tras lo cual se\u00f1al\u00f3 que \u201che querido colaborar, pero hay alguien que no se deja ayudar que es la presidenta actual\u00bb, en referencia a Marta Guariglia.<\/p>\n<p>\u00abLa cooperativa es un \u201ctitanic\u201d, hay que manejarla muy bien y a veces con mano dura, y he notado que no tenemos esa respuesta\u201d, opin\u00f3.<\/p>\n<p>Es en ese marco es en el que afirm\u00f3 \u201cvoy a intentar conducir desde la Presidencia. Tengo el apoyo, creo que tengo los porotos y que puedo conducir la UPC. Me decid\u00ed a hacerlo porque vi muchas cosas que se pod\u00edan hacer y no se est\u00e1n haciendo. Y entonces (me) dije por qu\u00e9 no, si llevo 12 a\u00f1os aqu\u00ed adentro y creo haber hecho un buen trabajo como para postularme hoy para ser presidenta de la cooperativa\u201d.<\/p>\n<p>Incluso, Pilar puntualiz\u00f3 que tiene el apoyo de los delegados y del propio intendente municipal, Arturo Rojas, con quien tiene una amistad personal.<\/p>\n<p>\u201cLos delegados me apoyan, y creo contar con el apoyo de Arturo (por Rojas). He hablado con \u00e9l como amiga y me ha dicho que soy capaz de hacer esto\u201d, sostuvo, para agregar que \u201cs\u00e9 que el intendente tiene en agenda este tema (de la UPC). He estado reunida con \u00e9l y est\u00e1 al tanto de todo. S\u00e9 que est\u00e1 entre sus preocupaciones lo de la Usina\u201d.<\/p>\n<p>Quien actualmente es vicepresidenta de la instituci\u00f3n asegur\u00f3 tener una excelente relaci\u00f3n con los trabajadores de la UPC y anticip\u00f3 como medidas a tomar, si le toca ser la futura presidenta, que \u201cuna de las principales es la repotenciaci\u00f3n (de la oferta el\u00e9ctrica local), algo que ya se est\u00e1 hablando. Tambi\u00e9n hay que reestructurar servicios sociales y hacer que funcione. Hay mucho fraude (el\u00e9ctrico), porque la gente dej\u00f3 de pagar (el servicio) en la pandemia y estamos reestructurando esa parte tambi\u00e9n\u201d.<\/p>\n<p>Finalmente, quien ingres\u00f3 en 1995 a la UPC hasta 2001 y luego volvi\u00f3 a la entidad en 2010 hasta la actualidad, manifest\u00f3 que \u201cquiero que se forme un equipo y que no sea alguien solo el que decide, que es lo que est\u00e1 sucediendo actualmente. Hay que buscar una salida en equipo para la cooperativa, que tiene 200 empleados, y el cuerpo que formemos tiene que estar bien con la Municipalidad de Necochea y el Sindicato Luz y Fuerza, porque son entes que est\u00e1n en continuo contacto\u201d.<\/p>\n","protected":false},"excerpt":{"rendered":"<p>En v\u00edsperas de la asamblea anual ordinaria, en la que se renovar\u00e1 parcialmente el cuerpo de consejeros titulares, la actual vice de la concesionaria el\u00e9ctrica dijo que \u201ctengo el apoyo y puedo conducir la UPC\u201d de Necochea As\u00ed lo afirm\u00f3 Pilar Viale en el programa de radio \u201cVoces de la Ciudad\u201d en di\u00e1logo con el [&hellip;]<\/p>\n","protected":false},"author":3,"featured_media":94346,"comment_status":"closed","ping_status":"closed","sticky":false,"template":"","format":"standard","meta":{"footnotes":""},"categories":[3],"tags":[],"class_list":["post-94345","post","type-post","status-publish","format-standard","has-post-thumbnail","category-masnoticias"],"_links":{"self":[{"href":"https:\/\/primicias2262.com\/noticias\/wp-json\/wp\/v2\/posts\/94345","targetHints":{"allow":["GET"]}}],"collection":[{"href":"https:\/\/primicias2262.com\/noticias\/wp-json\/wp\/v2\/posts"}],"about":[{"href":"https:\/\/primicias2262.com\/noticias\/wp-json\/wp\/v2\/types\/post"}],"author":[{"embeddable":true,"href":"https:\/\/primicias2262.com\/noticias\/wp-json\/wp\/v2\/users\/3"}],"replies":[{"embeddable":true,"href":"https:\/\/primicias2262.com\/noticias\/wp-json\/wp\/v2\/comments?post=94345"}],"version-history":[{"count":0,"href":"https:\/\/primicias2262.com\/noticias\/wp-json\/wp\/v2\/posts\/94345\/revisions"}],"wp:attachment":[{"href":"https:\/\/primicias2262.com\/noticias\/wp-json\/wp\/v2\/media?parent=94345"}],"wp:term":[{"taxonomy":"category","embeddable":true,"href":"https:\/\/primicias2262.com\/noticias\/wp-json\/wp\/v2\/categories?post=94345"},{"taxonomy":"post_tag","embeddable":true,"href":"https:\/\/primicias2262.com\/noticias\/wp-json\/wp\/v2\/tags?post=94345"}],"curies":[{"name":"wp","href":"https:\/\/api.w.org\/{rel}","templated":true}]}}