{"id":94348,"date":"2022-10-14T13:38:14","date_gmt":"2022-10-14T16:38:14","guid":{"rendered":"https:\/\/primicias2262.com\/?p=94348"},"modified":"2022-10-14T13:38:14","modified_gmt":"2022-10-14T16:38:14","slug":"mirada-de-osmar-ciotti-sobre-el-trap-para-mi-es-el-gran-fenomeno-de-esta-epoca","status":"publish","type":"post","link":"https:\/\/primicias2262.com\/noticias\/mirada-de-osmar-ciotti-sobre-el-trap-para-mi-es-el-gran-fenomeno-de-esta-epoca\/","title":{"rendered":"Mirada de Osmar Ciotti sobre el trap: \u201cPara m\u00ed es el gran fen\u00f3meno de esta \u00e9poca\u201d"},"content":{"rendered":"<p>Horas despu\u00e9s de la multitudinaria actuaci\u00f3n de FMK en el aniversario 141\u00ba de Necochea, el locutor y analista musical, Osmar Ciotti, destac\u00f3 que, si bien por pertenecer a otra generaci\u00f3n el trap no es de su preferencia, el g\u00e9nero es un fen\u00f3meno y subray\u00f3 que el n\u00famero central de mayor convocatoria haya sido justamente por la virtud de un necochense.<\/p>\n<p>En la ma\u00f1ana de \u201cVoces de la Ciudad\u201d, Ciotti fue entrevistado v\u00eda telef\u00f3nica por el periodista Hugo Moller y afirm\u00f3 que acerca del trap como g\u00e9nero masivo que \u201cme parece maravilloso que est\u00e9 pasando esto porque refleja un sentido de pertenencia de esta generaci\u00f3n, que se supone que son los Millennial u otros dicen que son los Centennial\u2026 gente de poco m\u00e1s de 15 a\u00f1os que llega casi hasta los 30, que tiene a estos chicos como referentes muy fuertes de lo que quieren decir y que expresan con una claridad que a m\u00ed me sorprende\u201d.<\/p>\n<p>\u201cYo me remitir\u00eda a los viejos payadores\u201d, se\u00f1al\u00f3 el locutor, para puntualizar en el caso de FMK que \u201ces un fen\u00f3meno incre\u00edble, lo de ayer fue el n\u00famero m\u00e1s fuerte en cuanto a cantidad de espectadores, es un chico que comenz\u00f3 en los alrededores del Anfiteatro del Parque en las famosas ri\u00f1as que ellos le llaman, que son payadas donde te desaf\u00edo y vos me contest\u00e1s con buenos argumentos, y adem\u00e1s hablando de la problem\u00e1tica particularmente adolescente\u201d.<\/p>\n<p>Incluso, fue m\u00e1s all\u00e1 al asegurar que \u201ca m\u00ed me parece que estos chicos hasta inventaron una manera de hablar completamente diferente y que creo generacionalmente algunos ya no la vamos a adoptar, pero que lleg\u00f3 para quedarse no me cabe la menor duda, es impresionante\u201d.<\/p>\n<p>Acerca de la masiva respuesta que tuvo el n\u00famero del lunes por parte del p\u00fablico, Ciotti subray\u00f3 que \u201clo que hay que destacar, y parece mentira, es que el poder de convocatoria del n\u00famero central del aniversario de la ciudad sea de un artista de Necochea. Para esta clase de expresiones art\u00edsticas, que te reconozcan en tu propio lugar y con esa masividad debe ser algo inolvidable\u201d.<\/p>\n<p>\u201cFMK -sigui\u00f3 argumentando Ciotti- ha llenado varias veces el Movistar Arena, que es como el nuevo Luna Park de Buenos Aires, estamos hablando de un estadio para 10 mil personas con entradas agotadas y una puesta en escena. Ese chico que surgi\u00f3 de una familia de trabajadores de Necochea, est\u00e1 donde est\u00e1 y c\u00f3mo vino a coronar un fin de semana muy exitoso en cuanto a lo tur\u00edstico y en cuanto a lo art\u00edstico con su presencia, es un fen\u00f3meno\u201d.<\/p>\n<p>Con respecto al g\u00e9nero, Ciotti diferenci\u00f3 que \u201chay un rasgo a subrayar en esta generaci\u00f3n de artistas del trap y el rap, son muy solidarios unos con otros, se invitan, suben a cantar, van de gira juntos y eso en otros g\u00e9neros musicales, por caso el rock que a m\u00ed me gusta mucho, era muy dif\u00edcil que se diera, no s\u00e9 si por egos o negocios, o por la presencia de sellos discogr\u00e1ficos que por contrato no te dejaban tocar con tal o cual artista, pero estos chicos han traspasado esas cuestiones y es muy destacable lo que hacen\u201d.<\/p>\n<p>De todas maneras, se\u00f1al\u00f3 que \u201ces mi duda si ser\u00e1 perdurable o no, eso lo sabremos dentro de 10 a\u00f1os, entiendo que se ir\u00e1 redise\u00f1ando su est\u00e9tica\u2026 ellos no crean un disco o adelantos de un nuevo \u00e1lbum, sino que sacan una canci\u00f3n hoy a la ma\u00f1ana y a la tarde ya tienen un mill\u00f3n y medio de reproducciones, juegan con esa l\u00f3gica estad\u00edstica\u00bb<\/p>\n<p>\u00abO te enter\u00e1s que la semana que viene uno de ellos saca una canci\u00f3n y quiz\u00e1 durante un a\u00f1o compusieron 15 canciones pero las vas conociendo no con el concepto de sacar un \u00e1lbum o un compilado, que era lo que hac\u00edamos nosotros, que \u00edbamos a comprar el disco\u201d, agreg\u00f3.<\/p>\n<p>Finalmente, Ciotti cerr\u00f3 su punto de vista manifestando que \u201calgunos lo miran como soslay\u00e1ndolo, pero para m\u00ed es el gran fen\u00f3meno de esta \u00e9poca, no soy un consumidor habitual de esta m\u00fasica, pero los respeto enormemente y dicen cosas muy interesantes. No hago hincapi\u00e9 en el ritmo, que es muy reiterativo, pero s\u00ed en los textos, porque dicen cosas interesantes de esta \u00e9poca\u201d.<\/p>\n","protected":false},"excerpt":{"rendered":"<p>Horas despu\u00e9s de la multitudinaria actuaci\u00f3n de FMK en el aniversario 141\u00ba de Necochea, el locutor y analista musical, Osmar Ciotti, destac\u00f3 que, si bien por pertenecer a otra generaci\u00f3n el trap no es de su preferencia, el g\u00e9nero es un fen\u00f3meno y subray\u00f3 que el n\u00famero central de mayor convocatoria haya sido justamente por [&hellip;]<\/p>\n","protected":false},"author":3,"featured_media":94349,"comment_status":"closed","ping_status":"closed","sticky":false,"template":"","format":"standard","meta":{"footnotes":""},"categories":[3],"tags":[],"class_list":["post-94348","post","type-post","status-publish","format-standard","has-post-thumbnail","category-masnoticias"],"_links":{"self":[{"href":"https:\/\/primicias2262.com\/noticias\/wp-json\/wp\/v2\/posts\/94348","targetHints":{"allow":["GET"]}}],"collection":[{"href":"https:\/\/primicias2262.com\/noticias\/wp-json\/wp\/v2\/posts"}],"about":[{"href":"https:\/\/primicias2262.com\/noticias\/wp-json\/wp\/v2\/types\/post"}],"author":[{"embeddable":true,"href":"https:\/\/primicias2262.com\/noticias\/wp-json\/wp\/v2\/users\/3"}],"replies":[{"embeddable":true,"href":"https:\/\/primicias2262.com\/noticias\/wp-json\/wp\/v2\/comments?post=94348"}],"version-history":[{"count":0,"href":"https:\/\/primicias2262.com\/noticias\/wp-json\/wp\/v2\/posts\/94348\/revisions"}],"wp:attachment":[{"href":"https:\/\/primicias2262.com\/noticias\/wp-json\/wp\/v2\/media?parent=94348"}],"wp:term":[{"taxonomy":"category","embeddable":true,"href":"https:\/\/primicias2262.com\/noticias\/wp-json\/wp\/v2\/categories?post=94348"},{"taxonomy":"post_tag","embeddable":true,"href":"https:\/\/primicias2262.com\/noticias\/wp-json\/wp\/v2\/tags?post=94348"}],"curies":[{"name":"wp","href":"https:\/\/api.w.org\/{rel}","templated":true}]}}