{"id":94351,"date":"2022-10-14T13:42:28","date_gmt":"2022-10-14T16:42:28","guid":{"rendered":"https:\/\/primicias2262.com\/?p=94351"},"modified":"2022-10-14T13:42:28","modified_gmt":"2022-10-14T16:42:28","slug":"nicolas-amendola-representara-a-necochea-en-el-mundial-de-natacion-para-sindrome-de-down","status":"publish","type":"post","link":"https:\/\/primicias2262.com\/noticias\/nicolas-amendola-representara-a-necochea-en-el-mundial-de-natacion-para-sindrome-de-down\/","title":{"rendered":"Nicol\u00e1s Am\u00e9ndola representar\u00e1 a Necochea en el Mundial de Nataci\u00f3n para s\u00edndrome de Down"},"content":{"rendered":"<p><strong>El deportista se encuentra atravesando la \u00faltima etapa de su entrenamiento en CABA junto al profesor Marcos Bertone, quien conformar\u00e1 una dupla con Yanina Luque en la Direcci\u00f3n T\u00e9cnica del seleccionado nacional. El joven es uno de los seis atletas del pa\u00eds apadrinados por la Fundaci\u00f3n \u201cLautaro te necesita\u201d.<\/strong><\/p>\n<p>Una \u00faltima jornada de entrenamiento intensivo en el Gimnasio Palestra sirvi\u00f3 a modo de despedida de la ciudad para el deportista local Nicol\u00e1s Am\u00e9ndola, quien estar\u00e1 levantando la bandera de Necochea como parte integrante y fundamental del equipo argentino en el pr\u00f3ximo Mundial de Nataci\u00f3n para atletas con s\u00edndrome de Down, que se estar\u00e1 realizando entre los pr\u00f3ximos 15 y 22 de octubre en la ciudad balnearia de Albufeira, en Portugal.<\/p>\n<p>En la noche del martes, el competidor de la Escuela Municipal \u201cTodos al Agua\u201d parti\u00f3 rumbo a la Ciudad Aut\u00f3noma de Buenos Aires con el objetivo de trazar la \u00faltima etapa de concentraci\u00f3n, lugar en el que se llevar\u00e1 a cabo la puesta a punto espec\u00edfica para cada uno de los cuatro j\u00f3venes seleccionados del pa\u00eds.<\/p>\n<p>En el torneo internacional a disputarse en la regi\u00f3n del Algarve, Nicol\u00e1s no ser\u00e1 el \u00fanico representante local, ya que el profesor Marcos Bertone, quien coordina los destinos del espacio deportivo acu\u00e1tico que la comuna dirige a personas con discapacidad, fue designado como t\u00e9cnico del combinado, haciendo dupla con Yanina Luque.<\/p>\n<p>Luego de mostrar todo su orgullo por el crecimiento de su pupilo, el entrenador agradeci\u00f3 el apoyo continuo a la Municipalidad de Necochea, en especial de la Direcci\u00f3n de Deportes que encabeza Guadalupe Hern\u00e1ndez y del \u00c1rea de Discapacidad, a cargo de Camila Bianchi.<\/p>\n","protected":false},"excerpt":{"rendered":"<p>El deportista se encuentra atravesando la \u00faltima etapa de su entrenamiento en CABA junto al profesor Marcos Bertone, quien conformar\u00e1 una dupla con Yanina Luque en la Direcci\u00f3n T\u00e9cnica del seleccionado nacional. El joven es uno de los seis atletas del pa\u00eds apadrinados por la Fundaci\u00f3n \u201cLautaro te necesita\u201d. Una \u00faltima jornada de entrenamiento intensivo [&hellip;]<\/p>\n","protected":false},"author":3,"featured_media":94352,"comment_status":"closed","ping_status":"closed","sticky":false,"template":"","format":"standard","meta":{"footnotes":""},"categories":[3],"tags":[],"class_list":["post-94351","post","type-post","status-publish","format-standard","has-post-thumbnail","category-masnoticias"],"_links":{"self":[{"href":"https:\/\/primicias2262.com\/noticias\/wp-json\/wp\/v2\/posts\/94351","targetHints":{"allow":["GET"]}}],"collection":[{"href":"https:\/\/primicias2262.com\/noticias\/wp-json\/wp\/v2\/posts"}],"about":[{"href":"https:\/\/primicias2262.com\/noticias\/wp-json\/wp\/v2\/types\/post"}],"author":[{"embeddable":true,"href":"https:\/\/primicias2262.com\/noticias\/wp-json\/wp\/v2\/users\/3"}],"replies":[{"embeddable":true,"href":"https:\/\/primicias2262.com\/noticias\/wp-json\/wp\/v2\/comments?post=94351"}],"version-history":[{"count":0,"href":"https:\/\/primicias2262.com\/noticias\/wp-json\/wp\/v2\/posts\/94351\/revisions"}],"wp:attachment":[{"href":"https:\/\/primicias2262.com\/noticias\/wp-json\/wp\/v2\/media?parent=94351"}],"wp:term":[{"taxonomy":"category","embeddable":true,"href":"https:\/\/primicias2262.com\/noticias\/wp-json\/wp\/v2\/categories?post=94351"},{"taxonomy":"post_tag","embeddable":true,"href":"https:\/\/primicias2262.com\/noticias\/wp-json\/wp\/v2\/tags?post=94351"}],"curies":[{"name":"wp","href":"https:\/\/api.w.org\/{rel}","templated":true}]}}