{"id":94355,"date":"2022-10-14T13:45:30","date_gmt":"2022-10-14T16:45:30","guid":{"rendered":"https:\/\/primicias2262.com\/?p=94355"},"modified":"2022-10-14T13:45:30","modified_gmt":"2022-10-14T16:45:30","slug":"del-24-al-28-de-octubre-se-realizara-la-rematriculacion-en-los-5-jardines-municipales","status":"publish","type":"post","link":"https:\/\/primicias2262.com\/noticias\/del-24-al-28-de-octubre-se-realizara-la-rematriculacion-en-los-5-jardines-municipales\/","title":{"rendered":"Del 24 al 28 de octubre se realizar\u00e1 la rematriculaci\u00f3n en los 5 jardines municipales"},"content":{"rendered":"<p><strong>As\u00ed lo anticip\u00f3 la directora de Educaci\u00f3n, Mariela Cellerino, quien inform\u00f3 que esta etapa est\u00e1 reservada a hermanos de alumnos regulares e hijos de trabajadores municipales que quieran una banca en alguno de los cuatro maternales o en el de Infantes Lassalle.<\/strong><\/p>\n<p>La Direcci\u00f3n de Educaci\u00f3n municipal, a cargo de Mariela Cellerino, informa que en la semana del 24 al 28 de octubre se realizar\u00e1n las rematriculaciones en los cuatro jardines maternales municipales del distrito y el de Infantes Lassalle, de cara al ciclo lectivo 2023.<\/p>\n<p>Para dar algunos detalles, la funcionaria expres\u00f3 que \u201cla rematriculaci\u00f3n es para hermanos de alumnos que ya est\u00e1n y para hijos de empleados municipales, y solo el padre o tutor tiene que acercarse con el DNI del alumno para que luego reci\u00e9n le soliciten la documentaci\u00f3n para agregar la legajo\u201d.<\/p>\n<p>En cuanto a los horarios, Cellerino anticip\u00f3 al respecto que \u201cen turno ma\u00f1ana se podr\u00e1 realizar el tr\u00e1mite de 9 a 11 y en turno tarde, de 13:30 a 14:30\u201d para hacer la aclaraci\u00f3n que en el Jard\u00edn de Infantes Lassalle \u201cvar\u00edan esos horarios, ya que se rematricular\u00e1 lunes y mi\u00e9rcoles de 9 a 11 y martes, jueves y viernes de 13 a 16\u201d.<\/p>\n<p>Adem\u00e1s, hay otra salvedad que difiere a los maternales, Evita, Barquito de Papel, Acuario y Pichi Huinca, del Lassalle, ya que seg\u00fan la funcionaria en este \u00faltimo \u201cs\u00ed exigen documentaci\u00f3n completa para la rematriculaci\u00f3n, ya que a la fotocopia del DNI del ni\u00f1o y padre\/madre o tutor se le suman certificado de nacimiento, libreta sanitaria con fotocopia de las vacunas y recibo de sueldo o certificado laboral que acredite que la persona trabaja en el municipio\u201d.<\/p>\n<p>\u201cEs indistinto que uno vaya a la ma\u00f1ana o a la tarde a la rematriculaci\u00f3n, es decir que uno puede querer anotar a su hijo a la ma\u00f1ana pero si le queda mejor hacer el tr\u00e1mite de tarde no hay problema\u201d a\u00f1adi\u00f3 a modo de aclaraci\u00f3n.<\/p>\n<p>Y cerr\u00f3 como adelanto: \u201cUna vez terminada la rematriculaci\u00f3n, se abrir\u00e1 la inscripci\u00f3n abierta a la comunidad, que ser\u00e1 en la semana del 14 al 18 de noviembre seg\u00fan lo pautado por parte del calendario escolar que recibimos de Jefatura Distrital\u201d.<\/p>\n","protected":false},"excerpt":{"rendered":"<p>As\u00ed lo anticip\u00f3 la directora de Educaci\u00f3n, Mariela Cellerino, quien inform\u00f3 que esta etapa est\u00e1 reservada a hermanos de alumnos regulares e hijos de trabajadores municipales que quieran una banca en alguno de los cuatro maternales o en el de Infantes Lassalle. La Direcci\u00f3n de Educaci\u00f3n municipal, a cargo de Mariela Cellerino, informa que en [&hellip;]<\/p>\n","protected":false},"author":3,"featured_media":94356,"comment_status":"closed","ping_status":"closed","sticky":false,"template":"","format":"standard","meta":{"footnotes":""},"categories":[5],"tags":[],"class_list":{"0":"post-94355","1":"post","2":"type-post","3":"status-publish","4":"format-standard","5":"has-post-thumbnail","7":"category-neco"},"_links":{"self":[{"href":"https:\/\/primicias2262.com\/noticias\/wp-json\/wp\/v2\/posts\/94355","targetHints":{"allow":["GET"]}}],"collection":[{"href":"https:\/\/primicias2262.com\/noticias\/wp-json\/wp\/v2\/posts"}],"about":[{"href":"https:\/\/primicias2262.com\/noticias\/wp-json\/wp\/v2\/types\/post"}],"author":[{"embeddable":true,"href":"https:\/\/primicias2262.com\/noticias\/wp-json\/wp\/v2\/users\/3"}],"replies":[{"embeddable":true,"href":"https:\/\/primicias2262.com\/noticias\/wp-json\/wp\/v2\/comments?post=94355"}],"version-history":[{"count":0,"href":"https:\/\/primicias2262.com\/noticias\/wp-json\/wp\/v2\/posts\/94355\/revisions"}],"wp:featuredmedia":[{"embeddable":true,"href":"https:\/\/primicias2262.com\/noticias\/wp-json\/"}],"wp:attachment":[{"href":"https:\/\/primicias2262.com\/noticias\/wp-json\/wp\/v2\/media?parent=94355"}],"wp:term":[{"taxonomy":"category","embeddable":true,"href":"https:\/\/primicias2262.com\/noticias\/wp-json\/wp\/v2\/categories?post=94355"},{"taxonomy":"post_tag","embeddable":true,"href":"https:\/\/primicias2262.com\/noticias\/wp-json\/wp\/v2\/tags?post=94355"}],"curies":[{"name":"wp","href":"https:\/\/api.w.org\/{rel}","templated":true}]}}