{"id":94370,"date":"2022-10-15T20:07:08","date_gmt":"2022-10-15T23:07:08","guid":{"rendered":"https:\/\/primicias2262.com\/?p=94370"},"modified":"2022-10-15T20:07:08","modified_gmt":"2022-10-15T23:07:08","slug":"guardavidas-buscan-definir-fecha-de-inicio-de-temporada-y-creen-necesario-una-reapertura-de-paritarias","status":"publish","type":"post","link":"https:\/\/primicias2262.com\/noticias\/guardavidas-buscan-definir-fecha-de-inicio-de-temporada-y-creen-necesario-una-reapertura-de-paritarias\/","title":{"rendered":"Guardavidas buscan definir fecha de inicio de temporada y creen necesario una reapertura de paritarias"},"content":{"rendered":"<p>En los estudios de \u201cVoces de la Ciudad\u201d, el titular de la Asociaci\u00f3n de Guardavidas Necochea Quequ\u00e9n, Pablo Su\u00e1rez, se refiri\u00f3 a ello y otros temas en di\u00e1logo con el periodista Jorge G\u00f3mez.<\/p>\n<p>Respecto a la cobertura de temporada que se avecina, se\u00f1al\u00f3 que \u201chasta aqu\u00ed no tenemos fecha de inicio y queremos cerrar ese tema. Presentamos un expediente con dos alternativas, una desde el 1\u00ba de noviembre con extensi\u00f3n hasta el 31 de marzo y otra que comience el 9 de noviembre y finalice el 9 de abril, lo que dar\u00eda cobertura hasta Semana Santa de 2023\u201d, y en ese marco sostuvo que \u201cno ser\u00eda extra\u00f1o que desde el Ejecutivo decidieran desde el 15 de noviembre hasta el 15 de abril, como fue anteriormente\u201d.<\/p>\n<p>Su\u00e1rez argument\u00f3 que \u201ccreemos que en noviembre el servicio est\u00e1 m\u00e1s justificado, ya que con la aparici\u00f3n de los d\u00edas de altas temperatura la gente va con m\u00e1s frecuencia en la playa, mientras que en abril ya desciende la cantidad de gente\u201d.<\/p>\n<p>Respecto al tema de las paritarias, tras el acuerdo del 62% con el Ejecutivo Municipal discriminado en cuatro pagos, el titular de Guardavidas manifest\u00f3 que \u201cestamos en contacto entre los sindicatos (junto a STM y ATE) y creemos que va ser necesaria una reapertura de paritarias\u2026 de hecho el propio Intendente Arturo Rojas en el cierre de las paritarias dijo que si para fin de a\u00f1o llegaba haber un aumento muy alto de la inflaci\u00f3n iba a ser inevitable volver a sentarse para reacomodar un poco los n\u00fameros\u201d.<\/p>\n<p>En cuanto al refugio nuevo de guardavidas en la zona de Neptuno, Su\u00e1rez destac\u00f3 que \u201cel proyecto es ambicioso, con duchas p\u00fablicas, bajadas de emergencias y sector de enfermer\u00eda. Est\u00e1bamos algo preocupados porque pensamos que tendr\u00edan que haber empezado antes y ahora comenzaron con los pilotes y la base para continuar\u00bb.<\/p>\n<p>\u00ab!Adem\u00e1s se ha demolido el refugio de Av. 75 a solicitud del concesionario y tenemos la promesa de que ir\u00e1 un container en ese sector, e incluso, hemos realizado solicitud de otros refugios en Sotavento o en la bajada de calle 63\u201d, puntualiz\u00f3.<\/p>\n<p>\u201cPor cuestiones naturales creemos que el servicio de guardavidas se va a ir ampliando, de hecho ya se ha ido ampliando, \u00e9ramos 79 guardavidas al principio y ahora somos 135 los guardavidas municipales contratados\u201d, concluy\u00f3 el titular de la AGNQ.<\/p>\n","protected":false},"excerpt":{"rendered":"<p>En los estudios de \u201cVoces de la Ciudad\u201d, el titular de la Asociaci\u00f3n de Guardavidas Necochea Quequ\u00e9n, Pablo Su\u00e1rez, se refiri\u00f3 a ello y otros temas en di\u00e1logo con el periodista Jorge G\u00f3mez. Respecto a la cobertura de temporada que se avecina, se\u00f1al\u00f3 que \u201chasta aqu\u00ed no tenemos fecha de inicio y queremos cerrar ese [&hellip;]<\/p>\n","protected":false},"author":3,"featured_media":94371,"comment_status":"closed","ping_status":"closed","sticky":false,"template":"","format":"standard","meta":{"footnotes":""},"categories":[3],"tags":[],"class_list":["post-94370","post","type-post","status-publish","format-standard","has-post-thumbnail","category-masnoticias"],"_links":{"self":[{"href":"https:\/\/primicias2262.com\/noticias\/wp-json\/wp\/v2\/posts\/94370","targetHints":{"allow":["GET"]}}],"collection":[{"href":"https:\/\/primicias2262.com\/noticias\/wp-json\/wp\/v2\/posts"}],"about":[{"href":"https:\/\/primicias2262.com\/noticias\/wp-json\/wp\/v2\/types\/post"}],"author":[{"embeddable":true,"href":"https:\/\/primicias2262.com\/noticias\/wp-json\/wp\/v2\/users\/3"}],"replies":[{"embeddable":true,"href":"https:\/\/primicias2262.com\/noticias\/wp-json\/wp\/v2\/comments?post=94370"}],"version-history":[{"count":0,"href":"https:\/\/primicias2262.com\/noticias\/wp-json\/wp\/v2\/posts\/94370\/revisions"}],"wp:attachment":[{"href":"https:\/\/primicias2262.com\/noticias\/wp-json\/wp\/v2\/media?parent=94370"}],"wp:term":[{"taxonomy":"category","embeddable":true,"href":"https:\/\/primicias2262.com\/noticias\/wp-json\/wp\/v2\/categories?post=94370"},{"taxonomy":"post_tag","embeddable":true,"href":"https:\/\/primicias2262.com\/noticias\/wp-json\/wp\/v2\/tags?post=94370"}],"curies":[{"name":"wp","href":"https:\/\/api.w.org\/{rel}","templated":true}]}}