{"id":94373,"date":"2022-10-15T20:12:07","date_gmt":"2022-10-15T23:12:07","guid":{"rendered":"https:\/\/primicias2262.com\/?p=94373"},"modified":"2022-10-15T20:12:07","modified_gmt":"2022-10-15T23:12:07","slug":"jorge-alvaro-mi-sueno-es-que-por-el-puerto-entren-y-salgan-manufacturas","status":"publish","type":"post","link":"https:\/\/primicias2262.com\/noticias\/jorge-alvaro-mi-sueno-es-que-por-el-puerto-entren-y-salgan-manufacturas\/","title":{"rendered":"Jorge Alvaro: \u201cMi sue\u00f1o es que por el puerto entren y salgan manufacturas\u201d"},"content":{"rendered":"<p>Durante la apertura de la Expo Lober\u00eda 2022, el Presidente del Consorcio de Gesti\u00f3n de Puerto Quequ\u00e9n, Jorge Alvaro, resalt\u00f3 \u201cel desaf\u00edo que tengo es abrir nuevas fuentes para el asentamiento de empresas, con el sue\u00f1o de que por el puerto entren y se vayan manufacturas, no solamente productos primarios. Me exceder\u00e1 en el tiempo, pero lo importante es todos los d\u00edas dar un paso en esa direcci\u00f3n\u201d.<\/p>\n<p>\u201cEn esta clase de eventos uno ve la capacidad productiva del lugar y sabe que la Argentina y la Provincia de Buenos Aires tienen futuro\u201d, asegur\u00f3 Alvaro, manifestando su agradecimiento por la invitaci\u00f3n al Intendente anfitri\u00f3n Juan Jos\u00e9 Fioramonti.<\/p>\n<p>Tren de carga y visi\u00f3n regional<\/p>\n<p>Con el objetivo de ampliar la zona de influencia, Alvaro explic\u00f3 que \u201cestamos generando debates y trabajos en com\u00fan para juntar voluntades. Avanzamos en recopilar y sintetizar toda la informaci\u00f3n sobre v\u00edas f\u00e9rreas y acopios, que nos puedan dar una idea del potencial de carga del tren en relaci\u00f3n con nuestro puerto, para llevarla despu\u00e9s a trenes argentinos. Son decisiones pol\u00edticas y macroecon\u00f3micas para revitalizar la log\u00edstica ferroviaria\u201d.<\/p>\n<p>Ratificando la importancia de la presencia del Presidente de Puerto Quequ\u00e9n y el Intendente de Necochea, Fioramonti asegur\u00f3 que \u201cLober\u00eda y Necochea tienen que tener una simbiosis de desarrollo, con una clara visi\u00f3n regional compaginando los intereses de los distintos sectores\u201d.<\/p>\n<p>Tras izar la bandera y entonar las estrofas del Himno Nacional, el acto de apertura estuvo protagonizado por el intendente local, Juan Jos\u00e9 Fioramonti; el subsecretario de Desarrollo Agrario y Calidad Agroalimentaria de la Provincia de Buenos Aires, Cristian Amarilla; el presidente de Puerto Quequ\u00e9n, Jorge Alvaro; el intendente de Necochea, Arturo Rojas; el presidente de la Sociedad Rural de Lober\u00eda, Jorge Arruabarrena; y el vicepresidente de CARBAP, Federico Petreigne.<\/p>\n<p>Durante el s\u00e1bado y el domingo, en la entrada al predio de la Sociedad Rural de Lober\u00eda, Puerto Quequ\u00e9n les da la bienvenida a todos los concurrentes con su stand institucional y una muestra fotogr\u00e1fica que recorre los 100 a\u00f1os de historia de la estaci\u00f3n mar\u00edtima.<\/p>\n","protected":false},"excerpt":{"rendered":"<p>Durante la apertura de la Expo Lober\u00eda 2022, el Presidente del Consorcio de Gesti\u00f3n de Puerto Quequ\u00e9n, Jorge Alvaro, resalt\u00f3 \u201cel desaf\u00edo que tengo es abrir nuevas fuentes para el asentamiento de empresas, con el sue\u00f1o de que por el puerto entren y se vayan manufacturas, no solamente productos primarios. Me exceder\u00e1 en el tiempo, [&hellip;]<\/p>\n","protected":false},"author":3,"featured_media":94374,"comment_status":"closed","ping_status":"closed","sticky":false,"template":"","format":"standard","meta":{"footnotes":""},"categories":[3],"tags":[],"class_list":["post-94373","post","type-post","status-publish","format-standard","has-post-thumbnail","category-masnoticias"],"_links":{"self":[{"href":"https:\/\/primicias2262.com\/noticias\/wp-json\/wp\/v2\/posts\/94373","targetHints":{"allow":["GET"]}}],"collection":[{"href":"https:\/\/primicias2262.com\/noticias\/wp-json\/wp\/v2\/posts"}],"about":[{"href":"https:\/\/primicias2262.com\/noticias\/wp-json\/wp\/v2\/types\/post"}],"author":[{"embeddable":true,"href":"https:\/\/primicias2262.com\/noticias\/wp-json\/wp\/v2\/users\/3"}],"replies":[{"embeddable":true,"href":"https:\/\/primicias2262.com\/noticias\/wp-json\/wp\/v2\/comments?post=94373"}],"version-history":[{"count":0,"href":"https:\/\/primicias2262.com\/noticias\/wp-json\/wp\/v2\/posts\/94373\/revisions"}],"wp:attachment":[{"href":"https:\/\/primicias2262.com\/noticias\/wp-json\/wp\/v2\/media?parent=94373"}],"wp:term":[{"taxonomy":"category","embeddable":true,"href":"https:\/\/primicias2262.com\/noticias\/wp-json\/wp\/v2\/categories?post=94373"},{"taxonomy":"post_tag","embeddable":true,"href":"https:\/\/primicias2262.com\/noticias\/wp-json\/wp\/v2\/tags?post=94373"}],"curies":[{"name":"wp","href":"https:\/\/api.w.org\/{rel}","templated":true}]}}